{"id":505,"date":"2021-08-31T13:56:00","date_gmt":"2021-08-31T11:56:00","guid":{"rendered":"https:\/\/www.alles-bleibt-anders.org\/?p=505"},"modified":"2021-11-24T13:59:27","modified_gmt":"2021-11-24T12:59:27","slug":"anfrage-zum-hochwasserschutz","status":"publish","type":"post","link":"https:\/\/www.gruene-mkk.de\/pl\/anfrage-zum-hochwasserschutz\/","title":{"rendered":"Wniosek o ochron\u0119 przeciwpowodziow\u0105"},"content":{"rendered":"<p><strong>Przedmiot pytania prejudycjalnego:<\/strong><\/p>\n\n\n\n<p>Na pocz\u0105tku roku cz\u0119\u015b\u0107 powiatu, na przyk\u0142ad w Nidderau, zosta\u0142a zalana. W lipcu ponad 180 os\u00f3b zgin\u0119\u0142o w powodzi w Nadrenii-Palatynacie i Nadrenii P\u00f3\u0142nocnej-Westfalii. Mo\u017cna przypuszcza\u0107, \u017ce ekstremalne warunki pogodowe b\u0119d\u0105 si\u0119 nadal nasila\u0107. Dlatego wa\u017cne jest, aby na terenie powiatu funkcjonowa\u0142a ochrona przeciwpowodziowa.<strong>&nbsp;&nbsp;&nbsp;<\/strong><\/p>\n\n\n\n<p><strong>Pytania:<\/strong><\/p>\n\n\n\n<p><strong>1.Czy planowane jest dokonanie przegl\u0105du okre\u015blonych lub nieokre\u015blonych stref powodziowych lub powi\u0119kszenie okre\u015blonych obszar\u00f3w w zwi\u0105zku z niedawnymi powodziami, aby zapobiec szczeg\u00f3lnemu dotkni\u0119ciu obszar\u00f3w niewyszczeg\u00f3lnionych w powa\u017cnych powodziach z powodu niewystarczaj\u0105cych \u015brodk\u00f3w ochronnych (np. w przypadku HQ100 lub w przypadku ekstremalnych powodzi z powodu ogromnych ilo\u015bci deszczu w kr\u00f3tkim okresie przekraczaj\u0105cym HQ100)?<\/strong><\/p>\n\n\n\n<p><strong>Odpowied\u017a:<\/strong>&nbsp;Tereny zalewowe podlegaj\u0105 sta\u0142emu przegl\u0105dowi przeprowadzanemu przez w\u0142a\u015bciwy Urz\u0105d G\u00f3rnej Wody w urz\u0119dach rz\u0105dowych. W ramach zarz\u0105dzania ryzykiem powodziowym sporz\u0105dzane s\u0105 mapy zagro\u017ce\u0144 i ryzyka, kt\u00f3re r\u00f3wnie\u017c mapuj\u0105 ekstremalne powodzie.<\/p>\n\n\n\n<p><strong>2. Jak daleko s\u0105 plany dotycz\u0105ce soli i kruchych zbiornik\u00f3w retencyjnych?<\/strong><\/p>\n\n\n\n<p><strong><em>HRB Bad Soden\/S\u00f3l<\/em><\/strong><\/p>\n\n\n\n<p>Zgodnie z uchwa\u0142\u0105 Zgromadzenia Stowarzyszenia z dnia 2 maja 2013 r. dorzecze retencyjne w Bad Soden\/Salz ma najwy\u017cszy priorytet.<\/p>\n\n\n\n<p>W ramach zgromadzenia obywatelskiego w Bad Soden-Salm\u00fcnster w dniu 7 marca 2017 r. heskie Ministerstwo \u015arodowiska, Ochrony Klimatu, Rolnictwa i Ochrony Konsument\u00f3w (HMUKLV) zgodzi\u0142o si\u0119 na odr\u0119bny program pomiarowy w celu udowodnienia stabilno\u015bci wielowiekowego osuwiska, poniewa\u017c od czasu zako\u0144czenia wst\u0119pnego planowania w 2013 r. W dniu 29 marca 2017 r. Zgromadzenie Stowarzyszenia podj\u0119\u0142o decyzj\u0119 o udost\u0119pnieniu \u015brodk\u00f3w finansowych. Zgodnie z decyzj\u0105 organ\u00f3w stowarzyszenia kontynuowano us\u0142ugi planowania. Etapy serwisowe 3 i 4 (projektowanie i planowanie zatwierdzania) zosta\u0142y zlecone pod warunkiem zatwierdzenia planowania. Od tego czasu opracowywane s\u0105 specyfikacje dotycz\u0105ce konstrukcji i wyposa\u017cenia technicznego. Us\u0142ugi planowania \u015brodowiskowego rozpocz\u0119\u0142y si\u0119 zgodnie z planem, a zakres mapowania skoordynowano z RPU. Dokument okre\u015blaj\u0105cy zakres zosta\u0142 przed\u0142o\u017cony Regierungspr\u00e4sidium Abteilung IV \u2013 Arbeitsschutz und Umwelt Frankfurt (RPU) do zbadania.<\/p>\n\n\n\n<p>Termin rozwi\u0105zania problemu osuwiska, kt\u00f3ry ma zasadnicze znaczenie dla dalszego planowania, a w szczeg\u00f3lno\u015bci dla planowania \u015brodowiskowego, zosta\u0142 wyznaczony przez Wasserverband Kinzig (WVK) i biuro in\u017cynieryjne zlecone w zwi\u0105zku z powy\u017cszymi dochodzeniami i odby\u0142 si\u0119 w dniu 4 kwietnia 2019 r. z organem udzielaj\u0105cym homologacji (RP Darmstadt) i pa\u0144stwowym organem technicznym (HLNUG). Pomiary i oceny b\u0119d\u0105 kontynuowane do ko\u0144ca 2021 r. Pozytywna decyzja RW i HLNUG jest nadal w toku.<\/p>\n\n\n\n<p><strong>Zakres egzaminu i kurs:<\/strong><\/p>\n\n\n\n<p>W porozumieniu z w\u0142a\u015bciwymi organami przeprowadzono odwierty w odniesieniu do trzech pomiar\u00f3w inklinometrycznych i trzech punkt\u00f3w pomiarowych w\u00f3d podziemnych. Dodatkowo do\u0142\u0105czony jest program monitoringu geodezyjnego sk\u0142adaj\u0105cy si\u0119 z 30 punkt\u00f3w pomiarowych.<\/p>\n\n\n\n<p>Pomiary inklinometru maj\u0105 by\u0107 mierzone co kwarta\u0142, punkty pomiarowe w\u00f3d podziemnych co miesi\u0105c, a geodezyjne punkty pomiarowe co dwa lata. Zakres projektu obejmuje r\u00f3wnie\u017c badania laboratoryjne i podsumowanie wszystkich wynik\u00f3w w raporcie.<\/p>\n\n\n\n<p>Poprzednie prace geodezyjne i wiertnicze zako\u0144czono w okresie od lutego do sierpnia 2018 r. Zgodnie z zaleceniem HLNUG opr\u00f3cz wcze\u015bniej zaplanowanych odwiert\u00f3w konieczne by\u0142o wykonanie dodatkowego odwiertu dla punktu pomiarowego w\u00f3d podziemnych.<\/p>\n\n\n\n<p>Ocena wynik\u00f3w pomiar\u00f3w pokazuje, \u017ce ruch nachylenia nie by\u0142 zauwa\u017calny od pocz\u0105tku pomiar\u00f3w. Planowane dochodzenia by\u0142y kontynuowane w 2020 r. i potwierdzi\u0142y dotychczasowe wyniki. Ruchy nachylenia nie s\u0105 wykrywalne z punktu widzenia kontrolera projektu.<\/p>\n\n\n\n<p>HLNUG zinterpretowa\u0142 ruchy jako odkszta\u0142cenia pe\u0142zania, a nast\u0119pnie zaproponowa\u0142 skr\u00f3cenie przedzia\u0142u pomiarowego pomiar\u00f3w w\u00f3d gruntowych i inklinometr\u00f3w po ci\u0119\u017ckich i ci\u0105g\u0142ych opadach (r\u00f3wnie\u017c topniej\u0105cych \u015bniegu) przez rejestratory danych, a tak\u017ce rejestrowanie danych o opadach bezpo\u015brednio w obszarze obj\u0119tym badaniem (np. za pomoc\u0105 stacji meteorologicznej).<\/p>\n\n\n\n<p>W zwi\u0105zku z tym doradzono specjalistycznemu biuru zaplanowanie ewentualnych technicznych \u015brodk\u00f3w bezpiecze\u0144stwa na podstawie ju\u017c dost\u0119pnych informacji oraz oblicze\u0144 stabilno\u015bci i zainstalowanie ich wraz z uruchomieniem basenu. Nale\u017cy r\u00f3wnie\u017c sporz\u0105dzi\u0107 plan ostrzegania i alarmowania zawieraj\u0105cy te \u015brodki ochrony nachylenia jako \u201eplan B\u201d. Niezb\u0119dn\u0105 definicj\u0119 kryteri\u00f3w obliczania stabilno\u015bci przeprowadzono we wsp\u00f3\u0142pracy z HLNUG w pierwszym kwartale 2020 r. Wyniki oblicze\u0144 przedstawiono w pa\u017adzierniku 2020 r. W 2020 r. ponownie przedstawiono r\u00f3\u017cne punkty widzenia HLNUG. W przeciwie\u0144stwie do geolog\u00f3w i geotechnik\u00f3w wyspecjalizowanego biura, odpowiedzialny procesor w HLNUG nadal widzi ryzyko po\u015blizgu stoku. W czwartym kwartale 2020 r. zaplanowano spotkanie z HLNUG w celu om\u00f3wienia obaw zwi\u0105zanych z fina\u0142em HLNUG oraz wypracowania rozwi\u0105zania technicznego i ekonomicznego. Data ta nie nast\u0105pi\u0142a ze wzgl\u0119du na pandemi\u0119.<\/p>\n\n\n\n<p>Po powodzi w styczniu 2021 r. przeprowadzono dodatkowy pomiar i ocen\u0119. Na tej podstawie w najnowszym sprawozdaniu o stanie z 19 marca 2021 r. stwierdzono bardzo powolne odkszta\u0142cenia pe\u0142zania, kt\u00f3re mog\u0142y by\u0107 spowodowane powodzi\u0105. Z punktu widzenia eksperta aktywny ruch po\u015blizgu nadal nie jest rozpoznawalny. Realizacja HRB by\u0142aby mo\u017cliwa dzi\u0119ki budowie odwodnienia odp\u0142ywowego stoku za pomoc\u0105 row\u00f3w odwadniaj\u0105cych w po\u0142\u0105czeniu z dalsz\u0105 obserwacj\u0105.<\/p>\n\n\n\n<p>Wed\u0142ug wst\u0119pnej oceny koszty \u015brodk\u00f3w ochrony nachylenia (plan B) wynosz\u0105 od 1,2 mln EUR do 4,8 mln EUR brutto, w zale\u017cno\u015bci od wariantu ochrony. Alternatywnie dost\u0119pna jest mapa HLNUG dla dalszych lokalizacji na soli.<\/p>\n\n\n\n<p>Stowarzyszenie Kinzig Water Association d\u0105\u017cy do przeprowadzenia ostatecznych konsultacji w tej sprawie najp\u00f3\u017aniej w czwartym kwartale 2021 r. Powinno to zosta\u0107 wykorzystane w perspektywie ostatecznej decyzji w sprawie og\u00f3lnych dzia\u0142a\u0144 nast\u0119pczych w zwi\u0105zku z projektem.<\/p>\n\n\n\n<p>Dalsze planowanie zleconych biur zosta\u0142o zatem pocz\u0105tkowo przerwane za obop\u00f3ln\u0105 zgod\u0105. Nie wi\u0105\u017ce si\u0119 to z \u017cadnymi dodatkowymi kosztami dla Kinzig Water Association. Po podj\u0119ciu ostatecznej decyzji przez organ nadzoru technicznego ds. RP mog\u0105 one zosta\u0107 wznowione.<\/p>\n\n\n\n<p><strong><em>HRB Weilers\/Bracht<\/em><\/strong><\/p>\n\n\n\n<p>Zgodnie z rezolucj\u0105 z posiedzenia stowarzyszenia z dnia 2 maja 2013 r. zlewnia Weilers\/Bracht ma drugi najwy\u017cszy priorytet po zlewni Bad Soden\/Salz.<\/p>\n\n\n\n<p>W sierpniu 2015 r. rozpocz\u0119to realizacj\u0119 us\u0142ug w zakresie planowania w odniesieniu do tego zlewni retencyjnej. Na czterech spotkaniach budowlanych po rozpocz\u0119ciu projektu i oficjalnym mianowaniu przedstawiono i wyja\u015bniono post\u0119py w planowaniu. We wrze\u015bniu 2016 r. sprawozdanie ko\u0144cowe z wynik\u00f3w planowania wst\u0119pnego zosta\u0142o przekazane do Regierungspr\u00e4sidium Division IV - Occupational Safety and Environment Frankfurt (RPU). Zdaniem Urz\u0119du badanie wynik\u00f3w dochodzenia powinno zosta\u0107 zako\u0144czone w grudniu 2016 r. W dniu 22 marca 2017 r. RPU przes\u0142a\u0142a uwagi do WVK poczt\u0105 elektroniczn\u0105. Nie zidentyfikowano powod\u00f3w wykluczenia, kt\u00f3re uniemo\u017cliwiaj\u0105 dalsze planowanie.<\/p>\n\n\n\n<p>W wyniku spotkania w dniu 8 wrze\u015bnia 2017 r. w RPU stwierdzono ponadto, \u017ce r\u00f3wnie\u017c w odniesieniu do Wody podziemne \/ obszar ochrony w\u00f3d \/ pob\u00f3r wody pitnej nie ma podstaw do wykluczenia na miejscu.<\/p>\n\n\n\n<p>W grudniu 2018 r. w wyniku zgodnego z prawem zaproszenia do sk\u0142adania ofert zlecono dalsze us\u0142ugi zarz\u0105dzania projektami. Zaproszenie do sk\u0142adania ofert na us\u0142ugi in\u017cynieryjne zosta\u0142o podzielone na cz\u0119\u015bci 1 \u201ePlanowanie nieruchomo\u015bci\u201d, 2 \u201ePlanowanie strukturalne\u201d, 3 \u201eWyposa\u017cenie techniczne\u201d i 4 \u201eUs\u0142ugi planowania \u015brodowiskowego\u201d i na tej podstawie zakontraktowane w grudniu 2019 r. Ten na \u00f3smy. Planowany termin ustalenia zakresu w B\u00fcrgerhaus W\u00e4chtersbach w grudniu 2020 r. musia\u0142 zosta\u0107 anulowany ze wzgl\u0119du na ograniczenia wynikaj\u0105ce z pandemii COVID-19.<\/p>\n\n\n\n<p>Nast\u0119pnie RPU we Frankfurcie przeprowadzi\u0142a dwuetapow\u0105 procedur\u0119 pisemn\u0105. Po przes\u0142aniu dokument\u00f3w przez RPU do w\u0142adz, pierwszy etap zosta\u0142 zako\u0144czony z terminem 4. grudzie\u0144 2020 r. mo\u017cliwo\u015b\u0107 sformu\u0142owania przez w\u0142adze pyta\u0144 dotycz\u0105cych dokumentu okre\u015blaj\u0105cego zakres. Po udzieleniu odpowiedzi przez WVK otrzymano pisemne uwagi, kt\u00f3re zosta\u0142y ocenione przez kontroler\u00f3w projektu, a ich rozwa\u017cenie w odniesieniu do dalszego planowania zosta\u0142o uzgodnione z wykonawcami.<\/p>\n\n\n\n<p>Nadal nierozstrzygni\u0119te kwestie dotycz\u0105ce zakresu i rozgraniczenia specjalistycznego artyku\u0142u ramowej dyrektywy wodnej, skutk\u00f3w i \u015brodk\u00f3w kompensacyjnych w odniesieniu do obszaru ochrony wody pitnej Neuenschmidten S\u00fcd, a tak\u017ce koncepcji kontroli HRB \u2013 w szczeg\u00f3lno\u015bci funkcji i obs\u0142ugi istniej\u0105cego poziomu Bracht \u2013 musz\u0105 zosta\u0107 skoordynowane z programem ramowym Darmstadt w pa\u017adzierniku 2021 r.<\/p>\n\n\n\n<p>Dalsze planowanie techniczne przebiega terminowo i mie\u015bci si\u0119 w zak\u0142adanych ramach kosztowych. Przewiduje si\u0119, \u017ce dokumenty zatwierdzaj\u0105ce zostan\u0105 przed\u0142o\u017cone w ca\u0142o\u015bci do ko\u0144ca 2021 r., tak aby proces zatwierdzania m\u00f3g\u0142 rozpocz\u0105\u0107 si\u0119 w 2022 r.<\/p>\n\n\n\n<p><strong>&nbsp; &nbsp; &nbsp; &nbsp; &nbsp; &nbsp; &nbsp; &nbsp; a. Kiedy oczekuje si\u0119 uko\u0144czenia?<\/strong><\/p>\n\n\n\n<p><strong><em>HRB Bad Soden\/Salt:<\/em><\/strong>&nbsp;Zako\u0144czenie mo\u017ce nast\u0105pi\u0107 dopiero po pozytywnej decyzji RP w sprawie osuwiska. Dlatego z dzisiejszego punktu widzenia daty nie da si\u0119 wyprowadzi\u0107.<\/p>\n\n\n\n<p><strong><em>HRB Weilers\/Bracht<\/em><\/strong><strong>:<\/strong>&nbsp;Wniosek o zatwierdzenie planu jest przewidziany na listopad 2021 r. Z dzisiejszego punktu widzenia budowa odb\u0119dzie si\u0119 w latach 2024\u20132026.<\/p>\n\n\n\n<p><strong>&nbsp; &nbsp; &nbsp; &nbsp; &nbsp; &nbsp; &nbsp; &nbsp; b. Jakie prace nale\u017cy jeszcze zako\u0144czy\u0107 przed ich uko\u0144czeniem?<\/strong><\/p>\n\n\n\n<p><strong><em>HRB Bad Soden\/S\u00f3l<\/em><\/strong><strong>:<\/strong>&nbsp;Zatwierdzenie musi by\u0107 zapewnione pozytywn\u0105 decyzj\u0105 organu w sprawie osuwiska. Decyzja ma zosta\u0107 podj\u0119ta w czwartym kwartale 2021 r.<\/p>\n\n\n\n<p><strong><em>HRB Weilers\/Bracht<\/em><\/strong><strong>:<\/strong>&nbsp;Wniosek o zatwierdzenie planu z\u0142o\u017cony do ko\u0144ca listopada 2021 r., a nast\u0119pnie zgodnie z dalszymi etapami planowania do czasu wdro\u017cenia.<\/p>\n\n\n\n<p><strong>&nbsp;&nbsp;&nbsp;&nbsp;&nbsp;&nbsp;&nbsp;&nbsp;&nbsp;&nbsp;&nbsp;&nbsp;&nbsp;&nbsp;&nbsp;&nbsp;c. Kiedy kr\u0105g oczekuje uko\u0144czenia?<\/strong><\/p>\n\n\n\n<p>Zob. odpowied\u017a na lit. a) i b).<\/p>\n\n\n\n<p><strong>3. Katastrofa powodziowa w Ahrweiler doprowadzi\u0142a istniej\u0105ce systemy ostrzegania i raportowania powodziowego do granic mo\u017cliwo\u015bci. Czy planuje si\u0119 rozszerzenie, modernizacj\u0119 lub zwi\u0119kszenie mo\u017cliwych poziom\u00f3w, kt\u00f3re nale\u017cy wskaza\u0107?<\/strong><\/p>\n\n\n\n<p>Odpowiedzialno\u015b\u0107 w tym zakresie spoczywa na Heskim Pa\u0144stwowym Urz\u0119dzie Ochrony Przyrody, \u015arodowiska i Geologii.<\/p>\n\n\n\n<p><strong>4. Jaki jest \u0142a\u0144cuch raportowania dla specjalnych zdarze\u0144 powodziowych w Main-Kinzig-Kreis?<\/strong><\/p>\n\n\n\n<p>Dla Main, Nidder i Kinzig (z dop\u0142ywami) istniej\u0105 Centralne przepisy dotycz\u0105ce s\u0142u\u017cby przeciwpowodziowej. Upper Water Authority of the Regierungspr\u00e4sidium Darmstadt, Dept. of Occupational Safety and Environment Frankfurt, ocenia sytuacj\u0119 zagro\u017cenia na podstawie prognozy pogody niemieckiej s\u0142u\u017cby meteorologicznej, raport\u00f3w o poziomie opad\u00f3w i powiadomie\u0144 ze stacji rejestracji opad\u00f3w. W przypadku Main i Nidder odbiorc\u0105 ko\u0144cowym jest Departament Ochrony Wody i Gleby Urz\u0119du 70 \u2013 taki jak gminy, koleje, organy administracji drogowej, centrum ochrony, powiatowe biuro prasowe. W przypadku Kinziga transfer jest zwykle przeprowadzany przez Departament Ochrony Wody i Gleby Urz\u0119du 70 faksem lub telefonicznie poza zwyk\u0142ymi godzinami pracy. W g\u00f3rnym biegu Kinzig (powy\u017cej \u015bciany zapory) departament niezale\u017cnie dostarcza informacji do dotkni\u0119tych odbiorc\u00f3w, gdy osi\u0105gni\u0119to pewne ilo\u015bci opad\u00f3w. Ponadto ostrze\u017cenia przeciwpowodziowe s\u0105 dost\u0119pne w Internecie.<\/p>\n\n\n\n<p><strong>5. Czy powiat podj\u0105\u0142 decyzj\u0119 o dalszych \u015brodkach ochrony przeciwpowodziowej po katastrofie powodziowej w Ahrweiler?<\/strong><\/p>\n\n\n\n<p><strong>&nbsp;&nbsp;&nbsp;&nbsp;&nbsp;&nbsp;&nbsp;&nbsp;&nbsp;&nbsp;&nbsp;&nbsp;&nbsp;&nbsp;&nbsp;&nbsp;a. Je\u017celi tak, jakie \u015brodki zosta\u0142y przyj\u0119te?<\/strong><\/p>\n\n\n\n<p>Nie. Je\u017celi organ nadzorczy stwierdzi potrzeb\u0119 dostosowania, plany mog\u0105 zosta\u0107 odpowiednio dostosowane przez stowarzyszenie ds. wody lub gminy.&nbsp;&nbsp;<\/p>\n\n\n\n<p><strong>6. W dzielnicy Main-Kinzig znajduj\u0105 si\u0119 konstrukcje ochronne w Biebergem\u00fcnd, Bruchk\u00f6bel, Gelnhausen i Hanau.<\/strong><\/p>\n\n\n\n<p><strong>&nbsp;&nbsp;&nbsp;&nbsp;&nbsp;&nbsp;&nbsp;&nbsp;&nbsp;&nbsp;&nbsp;&nbsp;&nbsp;&nbsp;&nbsp;&nbsp;a. Czy podczas ekstremalnych powodzi chroni\u0105 one w wystarczaj\u0105cym stopniu przed ogromnymi ilo\u015bciami deszczu w kr\u00f3tkim czasie, kt\u00f3re wykraczaj\u0105 poza HQ100?<\/strong><\/p>\n\n\n\n<p><strong>&nbsp;&nbsp;&nbsp;&nbsp;&nbsp;&nbsp;&nbsp;&nbsp;&nbsp;&nbsp;&nbsp;&nbsp;&nbsp;&nbsp;&nbsp;&nbsp;&nbsp;&nbsp;&nbsp;&nbsp;&nbsp;&nbsp;&nbsp;&nbsp;&nbsp;&nbsp;&nbsp;&nbsp;&nbsp;&nbsp;&nbsp;i. Je\u017celi nie, to czy planuje si\u0119 rozbudow\u0119 tych struktur ochronnych?<\/strong><\/p>\n\n\n\n<p>Miejska ochrona przeciwpowodziowa le\u017cy w gestii miast i gmin. Z organem nadzorczym omawiany jest przegl\u0105d obecnego planowania, na przyk\u0142ad w kontek\u015bcie niekt\u00f3rych zdarze\u0144 statystycznych, takich jak ekstremalna sytuacja w siedzibie g\u0142\u00f3wnej. Je\u017celi organ nadzorczy stwierdzi potrzeb\u0119 dostosowania, plany mog\u0105 zosta\u0107 odpowiednio dostosowane przez stowarzyszenie ds. wody lub gminy.<\/p>\n\n\n\n<p><strong>7. Od 2006 r. Stowarzyszenie Wodne Kinzig realizuje pa\u0144stwowy projekt pilota\u017cowy \u201eOchrona przeciwpowodziowa zwi\u0105zana z wod\u0105 w Kinzig\u201d.<\/strong><\/p>\n\n\n\n<p><strong>&nbsp;&nbsp;&nbsp;&nbsp;&nbsp;&nbsp;&nbsp;&nbsp;&nbsp;&nbsp;&nbsp;&nbsp;&nbsp;&nbsp;&nbsp;&nbsp;a. Jakie \u015brodki zosta\u0142y wdro\u017cone od tego czasu?<\/strong><\/p>\n\n\n\n<p>Opr\u00f3cz plan\u00f3w dotycz\u0105cych zlewni retencyjnych Bad Soden\/Salz i Weilers\/Bracht, Stowarzyszenie Wodne Kinzig realizuje r\u00f3wnie\u017c plany dotycz\u0105ce zlewni retencyjnej Erlensee\/Fallbach. Oczekuje si\u0119, \u017ce studium wykonalno\u015bci z badaniami geotechnicznymi dla preferowanej lokalizacji b\u0119dzie dost\u0119pne pod koniec pa\u017adziernika 2021 r.<\/p>\n\n\n\n<p><strong>b. Jakie \u015brodki s\u0105 obecnie wdra\u017cane lub maj\u0105 by\u0107 wdra\u017cane w przysz\u0142o\u015bci?<\/strong><\/p>\n\n\n\n<p><strong>HRB Bad Soden\/Salt:<\/strong>&nbsp;Wszcz\u0119cie procedury zatwierdzenia planu jest mo\u017cliwe w kr\u00f3tkim czasie, je\u017celi organ nadzorczy wyrazi zgod\u0119 na kontynuacj\u0119 planowanych \u015brodk\u00f3w ochrony nachylenia.<\/p>\n\n\n\n<p><strong>HRB Weilers\/Bracht:&nbsp;<\/strong>Wniosek o zatwierdzenie planu zaplanowano na listopad 2021 r.<\/p>\n\n\n\n<p><strong>HRB Erlensee\/Fallbach:<\/strong>&nbsp;Studium wykonalno\u015bci z badaniami geotechnicznymi dla preferowanej lokalizacji jest dost\u0119pne pod koniec pa\u017adziernika 2021 r.<\/p>\n\n\n\n<p><strong>8. Za op\u0142at\u0105 ochronn\u0105 gminy mog\u0105 z\u0142o\u017cy\u0107 wniosek do Heskiego Pa\u0144stwowego Urz\u0119du Ochrony Przyrody, \u015arodowiska i Geologii o przygotowanie map \u015bcie\u017cek przep\u0142ywu. Analizy ryzyka hydrologicznego przeprowadza si\u0119 w gminach klimatycznych licz\u0105cych 100 %, dla innych gmin licz\u0105cych 80 % promowane.<\/strong><\/p>\n\n\n\n<p><strong>a. Czy planowane jest, aby powiat wspiera\u0142 gminy w finansowaniu, na przyk\u0142ad poprzez przej\u0119cie op\u0142aty ochronnej lub niekwalifikowalnych koszt\u00f3w rezydualnych?<\/strong><\/p>\n\n\n\n<p><strong>b. Ile gmin w MKK z\u0142o\u017cy\u0142o ju\u017c wniosek o mapy \u015bcie\u017cek przep\u0142ywu lub analizy ryzyka hydrologicznego?<\/strong><\/p>\n\n\n\n<p>Zadanie komunalnej ochrony przeciwpowodziowej spoczywa na gminach.<\/p>\n\n\n\n<p>Do a.) Do tej pory \u017cadna gmina z pragnieniem wsparcia nie dotar\u0142a do Main-Kinzig-Kreis.<\/p>\n\n\n\n<p>Main-Kinzig-Kreis nie dysponuje \u017cadnymi informacjami na ten temat.<\/p>\n\n\n\n<p><strong>9. Aby zapobiec skutkom ulewnych deszczy, wa\u017cne jest, aby utrzyma\u0107 opady w okolicy<\/strong><\/p>\n\n\n\n<p><strong>a. Jakie \u015brodki s\u0105 podejmowane przez powiat Main-Kinzig w celu zapobiegania erozjom, zw\u0142aszcza na gruntach rolnych na obszarze powiatu, lub w celu poprawy funkcji gleby?<\/strong><\/p>\n\n\n\n<p>Od 2012 roku Main-Kinzig-Kreis z powodzeniem realizuje projekt doradztwa rolniczego w zakresie ochrony w\u00f3d w rozumieniu Ramowej Dyrektywy Wodnej oraz ochrony gleby przy wsparciu biura in\u017cynieryjnego. Finansowanie na ten cel zapewnia kraj zwi\u0105zkowy Hesja na podstawie um\u00f3w z okr\u0119giem, o kt\u00f3rych decyduje komitet okr\u0119gowy. Cz\u0119\u015bci\u0105 tego projektu s\u0105 m.in. konsultacje na temat erozji na poziomie poszczeg\u00f3lnych gospodarstw rolnych dla obszar\u00f3w o wysokim priorytecie, a tak\u017ce na poziomie grupowym i mi\u0119dzygospodarskim w celu podniesienia \u015bwiadomo\u015bci w kontek\u015bcie zarz\u0105dzania rolnictwem. Jako przyk\u0142adowe \u015brodki ochrony przed erozj\u0105, kt\u00f3re s\u0105 zalecane i r\u00f3wnie\u017c wdra\u017cane przez przedsi\u0119biorstwa, nale\u017cy wymieni\u0107: Ocena obecnego zarz\u0105dzania gospodarstwami rolnymi z propozycjami optymalizacji, badania gleby, identyfikacja potrzeby dzia\u0142ania, przetwarzanie na ca\u0142ym zboczu, ustanowienie mi\u0119dzyplon\u00f3w r\u00f3wnie\u017c jako podstawy dla materia\u0142u siewnego \u015bci\u00f3\u0142ki o zredukowanej uprawie, instalacja pas\u00f3w ochrony przed erozj\u0105, udzia\u0142 w \u015brodkach wsparcia zwi\u0105zanych z erozj\u0105, tematyczne wizyty w terenie, warsztaty.<\/p>\n\n\n\n<p>Ochrona przed erozj\u0105 oznacza r\u00f3wnie\u017c ochron\u0119 gleby. Wzorcowe \u015brodki pozwol\u0105 zachowa\u0107 funkcje gleby i ostatecznie je poprawi\u0107. Porady dotycz\u0105ce przemy\u015blanego projektu p\u0142odozmianu, w tym mi\u0119dzyplon\u00f3w lub podsiew\u00f3w, orki bezorkowej i metod siewu bezpo\u015bredniego, nawo\u017cenia mo\u017cliwego do odzyskania przez ro\u015bliny i zminimalizowanej ochrony ro\u015blin, maj\u0105 pozytywny wp\u0142yw na funkcje gleby.<\/p>\n\n\n\n<p>Ponadto Urz\u0105d Ochrony \u015arodowiska, Ochrony Przyrody i Obszar\u00f3w Wiejskich oraz jego wyspecjalizowane departamenty reprezentuj\u0105 mi\u0119dzy innymi interesy ochrony gleby w licznych procedurach planowania i zatwierdzania.<\/p>\n\n\n\n<p>Za zapobiegawcz\u0105 ochron\u0119 gleby poza \u015brodkami, za kt\u00f3re odpowiada MKK (np. procedura sk\u0142adania wniosk\u00f3w budowlanych), odpowiada Urz\u0105d Ochrony G\u00f3rnej Gleby przy Regierungspr\u00e4sidium Darmstadt, Departament Bezpiecze\u0144stwa Pracy i \u015arodowiska we Frankfurcie.<\/p>\n\n\n\n<p><strong>b. na jakich wodach na obszarze powiatu planowane s\u0105 \u015brodki odbudowy lub zosta\u0142y one wdro\u017cone w ci\u0105gu ostatnich 10 lat w celu utworzenia ukierunkowanych r\u00f3wnin zalewowych?<\/strong><\/p>\n\n\n\n<p>Praktycznie ka\u017cda poprawa struktury wodnej w sensie ustanowienia stanu prawie naturalnego s\u0142u\u017cy przynajmniej po\u015brednio ochronie przed powodzi\u0105, na przyk\u0142ad poprzez wyd\u0142u\u017cenie czasu przep\u0142ywu. W ci\u0105gu ostatnich dziesi\u0119ciu lat w powiecie Main-Kinzig zatwierdzono 41 \u015brodk\u00f3w odbudowy, 14 \u015brodk\u00f3w na podstawie ramowej dyrektywy wodnej (np. usuni\u0119cie struktur poprzecznych) i 6 zlewni retencyjnych. Nie uwzgl\u0119dniono zbiornik\u00f3w retencyjnych na obszarach budowlanych lub na drogach, kt\u00f3re nie maj\u0105 na celu buforowania zdarze\u0144 powodziowych, ale ulewne deszcze. \u015arodki s\u0105 rozproszone po ca\u0142ym dystrykcie od Braubach na zachodzie do Kinzigoberlauf na wschodzie.<\/p>","protected":false},"excerpt":{"rendered":"<p>Przedmiot pytania prejudycjalnego: Na pocz\u0105tku roku cz\u0119\u015b\u0107 powiatu, na przyk\u0142ad w Nidderau, zosta\u0142a zalana. W lipcu ponad 180 os\u00f3b zgin\u0119\u0142o w powodzi w Nadrenii-Palatynacie i Nadrenii P\u00f3\u0142nocnej-Westfalii. Jest to [...]<\/p>","protected":false},"author":-1,"featured_media":0,"comment_status":"open","ping_status":"open","sticky":false,"template":"","format":"standard","meta":{"footnotes":""},"categories":[9],"tags":[],"class_list":["post-505","post","type-post","status-publish","format-standard","hentry","category-antraege-und-anfragen"],"_links":{"self":[{"href":"https:\/\/www.gruene-mkk.de\/pl\/wp-json\/wp\/v2\/posts\/505","targetHints":{"allow":["GET"]}}],"collection":[{"href":"https:\/\/www.gruene-mkk.de\/pl\/wp-json\/wp\/v2\/posts"}],"about":[{"href":"https:\/\/www.gruene-mkk.de\/pl\/wp-json\/wp\/v2\/types\/post"}],"author":[{"embeddable":true,"href":"https:\/\/www.gruene-mkk.de\/pl\/wp-json\/wp\/v2\/users\/2"}],"replies":[{"embeddable":true,"href":"https:\/\/www.gruene-mkk.de\/pl\/wp-json\/wp\/v2\/comments?post=505"}],"version-history":[{"count":1,"href":"https:\/\/www.gruene-mkk.de\/pl\/wp-json\/wp\/v2\/posts\/505\/revisions"}],"predecessor-version":[{"id":507,"href":"https:\/\/www.gruene-mkk.de\/pl\/wp-json\/wp\/v2\/posts\/505\/revisions\/507"}],"wp:attachment":[{"href":"https:\/\/www.gruene-mkk.de\/pl\/wp-json\/wp\/v2\/media?parent=505"}],"wp:term":[{"taxonomy":"category","embeddable":true,"href":"https:\/\/www.gruene-mkk.de\/pl\/wp-json\/wp\/v2\/categories?post=505"},{"taxonomy":"post_tag","embeddable":true,"href":"https:\/\/www.gruene-mkk.de\/pl\/wp-json\/wp\/v2\/tags?post=505"}],"curies":[{"name":"wp","href":"https:\/\/api.w.org\/{rel}","templated":true}]}}