{"id":501,"date":"2021-08-20T13:53:00","date_gmt":"2021-08-20T11:53:00","guid":{"rendered":"https:\/\/www.alles-bleibt-anders.org\/?p=501"},"modified":"2021-11-24T13:55:26","modified_gmt":"2021-11-24T12:55:26","slug":"anfrage-zum-plastikverbrauch-der-verwaltung","status":"publish","type":"post","link":"https:\/\/www.gruene-mkk.de\/pl\/anfrage-zum-plastikverbrauch-der-verwaltung\/","title":{"rendered":"Wniosek administracji o konsumpcj\u0119 tworzyw sztucznych"},"content":{"rendered":"<p><strong>Przedmiot pytania prejudycjalnego:<\/strong><\/p>\n\n\n\n<p>W dniu 31 sierpnia 2018 r. rada powiatu postanowi\u0142a zrezygnowa\u0107 z mo\u017cliwych do unikni\u0119cia produkt\u00f3w jednorazowego u\u017cytku z tworzyw sztucznych w budynkach powiatu, w firmach w\u0142asnych powiatu oraz na imprezach.<\/p>\n\n\n\n<p><strong>Pytania:<\/strong><\/p>\n\n\n\n<p><strong>Jakie \u015brodki zosta\u0142y wdro\u017cone od tego czasu<\/strong><\/p>\n\n\n\n<p><strong>a)&nbsp;&nbsp;&nbsp;&nbsp;&nbsp;&nbsp;<\/strong><strong>Z administracji?<\/strong><\/p>\n\n\n\n<p><strong>Odpowied\u017a:<\/strong><br>\u2013 Owoce i zbo\u017ca oferowane s\u0105 wy\u0142\u0105cznie w s\u0142oikach.<\/p>\n\n\n\n<p>\u2013 Sa\u0142atki i sosy \u201eto go\u201d pakowane s\u0105 w pojemniki nadaj\u0105ce si\u0119 do kompostowania.<\/p>\n\n\n\n<p>\u2013 Fili\u017canki do kawy s\u0105 r\u00f3wnie\u017c dozowane jako pojemniki nadaj\u0105ce si\u0119 do kompostowania.<\/p>\n\n\n\n<p>\u2013 Oferowany jest dzban MKK.<\/p>\n\n\n\n<p>\u2013 Istnieje mo\u017cliwo\u015b\u0107 nape\u0142nienia w\u0142asnych kubk\u00f3w.<\/p>\n\n\n\n<p>\u2013 Z wyj\u0105tkiem baton\u00f3w i opakowa\u0144 kanapkowych nie stosuje si\u0119 ju\u017c opakowa\u0144 z tworzyw sztucznych.<\/p>\n\n\n\n<p><strong>b)&nbsp;&nbsp;&nbsp;&nbsp;&nbsp;&nbsp;<\/strong><strong>W\u0142asne przedsi\u0119biorstwa hrabstwa?<\/strong><\/p>\n\n\n\n<p><strong>Odpowied\u017a:<\/strong><\/p>\n\n\n\n<p>W gromadzeniu informacji wzi\u0119to pod uwag\u0119 jedynie przedsi\u0119biorstwa b\u0119d\u0105ce w\u0142asno\u015bci\u0105 powiatu, kt\u00f3re maj\u0105 istotny potencja\u0142 (np. poprzez prowadzenie sto\u0142\u00f3wki, gastronomi\u0119 lub opiek\u0119 nad pacjentem) i s\u0105 w wi\u0119kszo\u015bci w\u0142asno\u015bci\u0105 Main-Kinzig-Kreis.&nbsp;&nbsp;<\/p>\n\n\n\n<p><strong>Odpowiedz aQa gGmbH<\/strong><\/p>\n\n\n\n<p>\u2013 W najszerszym mo\u017cliwym zakresie brak opakowa\u0144 porcjowych<\/p>\n\n\n\n<p>\u2013 Dozowanie \u017cywno\u015bci odbywa si\u0119 w jednorazowym opakowaniu niezawieraj\u0105cym PVC za dodatkow\u0105 op\u0142at\u0105 lub w systemie kaucji wielokrotnego u\u017cytku.<\/p>\n\n\n\n<p>\u2013 Dystrybucja zimnych napoj\u00f3w odbywa si\u0119 g\u0142\u00f3wnie w systemach wielokrotnego u\u017cytku.<\/p>\n\n\n\n<p>\u2013 Istnieje mo\u017cliwo\u015b\u0107 nape\u0142nienia w\u0142asnych kubk\u00f3w.<\/p>\n\n\n\n<p><strong>Odpowied\u017a APZ gGmbH<\/strong><\/p>\n\n\n\n<p>\u2013 Nape\u0142niane s\u0105 wy\u0142\u0105cznie w\u0142asne kubki\/okulary. (Wszystkie gor\u0105ce i zimne napoje)<\/p>\n\n\n\n<p>\u2013 Unikanie ma\u0142ych pojemnik\u00f3w przy dostarczaniu \u017cywno\u015bci mieszka\u0144com, przekszta\u0142cenie w du\u017ce pojemniki mia\u0142o miejsce<\/p>\n\n\n\n<p>\u2013 Prawie bez wyj\u0105tku na imprezach (przyj\u0119cie letnie, przyj\u0119cie bo\u017conarodzeniowe, wyjazdy firmowe itp.) wykorzystywane s\u0105 zastawy sto\u0142owe i sztu\u0107ce wielokrotnego u\u017cytku.<\/p>\n\n\n\n<p>\u2013 W przypadku jednorazowych zastaw sto\u0142owych (wyj\u0105tkowy przypadek) dost\u0119pny jest materia\u0142 bambusowy.<\/p>\n\n\n\n<p>\u2013 Podnoszenie \u015bwiadomo\u015bci pracownik\u00f3w na temat mo\u017cliwych do unikni\u0119cia produkt\u00f3w jednorazowego u\u017cytku podczas procesu zamawiania.<\/p>\n\n\n\n<p>\u2013 Zainicjowanie projektu \u201eZbawiciel klimatu\u201d maj\u0105cego na celu podnoszenie \u015bwiadomo\u015bci pracownik\u00f3w, informowanie ich i szkolenie<\/p>\n\n\n\n<p>Uwaga: Nie mo\u017cna unikn\u0105\u0107 du\u017cej cz\u0119\u015bci odpad\u00f3w z tworzyw sztucznych lub opakowa\u0144 w kontek\u015bcie opieki nad osobami starszymi, zw\u0142aszcza podczas pandemii koronawirusa, wy\u0142\u0105cznie ze wzgl\u0119d\u00f3w higienicznych.<\/p>\n\n\n\n<p><strong>Odpowied\u017a Zaplecze m\u0142odzie\u017cowe i rekreacyjne na w\u0142asny rachunek<\/strong><\/p>\n\n\n\n<p>\u2013 EB JFE u\u017cywa wy\u0142\u0105cznie zastaw sto\u0142owych i sztu\u0107c\u00f3w wielokrotnego u\u017cytku.<\/p>\n\n\n\n<p>\u2013 Mo\u017cliwo\u015b\u0107 nape\u0142niania\/u\u017cywania w\u0142asnych kubk\u00f3w\/kubk\u00f3w\/puszek.<\/p>\n\n\n\n<p>\u2013 Zakup du\u017cych pojemnik\u00f3w i zwi\u0105zane z tym ograniczenie lub znaczne zrzeczenie si\u0119 opakowa\u0144 jednorazowego u\u017cytku z tworzyw sztucznych\/jednorazowego u\u017cytku i porcji w sektorze gastronomicznym (cz\u0119\u015bciowo zawieszone w kontek\u015bcie pandemii koronawirusa ze wzgl\u0119d\u00f3w higienicznych).<\/p>\n\n\n\n<p>\u2013 Zakup\/sprzeda\u017c napoj\u00f3w w butelkach wielokrotnego u\u017cytku<\/p>\n\n\n\n<p>\u2013 Podnoszenie \u015bwiadomo\u015bci pracownik\u00f3w na temat mo\u017cliwych do unikni\u0119cia produkt\u00f3w jednorazowego u\u017cytku podczas procesu zamawiania.<\/p>\n\n\n\n<p>\u2013 Planowane zakwalifikowanie pracownika EB jako \u201efunkcjonariusza ds. zr\u00f3wnowa\u017conego rozwoju w gastronomii \u015brodowiskowej\u201d; 8 modu\u0142\u00f3w obejmuj\u0105cych \u0142\u0105cznie 71 jednostek szkoleniowych (ale odwo\u0142anych w latach 2020\/2021 ze wzgl\u0119du na pandemi\u0119 koronawirusa, zostanie przesuni\u0119tych na 2022 r.).<\/p>\n\n\n\n<p>\u2013 Zakup du\u017cych pojemnik\u00f3w w sektorze domowym\/technicznym i zwi\u0105zana z tym integracja system\u00f3w dozowania (np. detergenty, basen z materia\u0142ami eksploatacyjnymi).<\/p>\n\n\n\n<p><strong>Odpowiedz Main-Kinzig kliniki<\/strong><\/p>\n\n\n\n<p>\u2013 W sto\u0142\u00f3wkach nie ma ju\u017c jednorazowych fili\u017canek kawy.<\/p>\n\n\n\n<p>\u2013 Istnieje mo\u017cliwo\u015b\u0107 nape\u0142nienia w\u0142asnej fili\u017canki kawy.<\/p>\n\n\n\n<p>\u2013 Nale\u017cy wykorzysta\u0107 MK-Krug (lub planowany system kaucyjny MK Kreis).<\/p>\n\n\n\n<p>\u2013 Pr\u00f3bki restytucyjne s\u0105 pakowane w pojemniki nadaj\u0105ce si\u0119 do kompostowania.<\/p>\n\n\n\n<p>\u2013 D\u017cemy, produkty do smarowania, mleko skondensowane, jogurty, budynie, batony czekoladowe, kanapki w opakowaniach jednorazowych ze wzgl\u0119d\u00f3w higienicznych.<\/p>\n\n\n\n<p>\u2013 Sa\u0142atki w sto\u0142\u00f3wce oferowane s\u0105 w szklanych miseczkach.<\/p>\n\n\n\n<p>\u2013 Sa\u0142atki przeznaczone do opieki nad pacjentami s\u0105 butelkowane w pojemnikach wielokrotnego u\u017cytku lub pojemnikach nadaj\u0105cych si\u0119 do kompostowania.<\/p>\n\n\n\n<p>\u2013 Na stacjach znajduj\u0105 si\u0119 drewniane pa\u0142eczki do mieszania<\/p>\n\n\n\n<p>\u2013 W przypadku imprez stosuje si\u0119 zastaw\u0119 sto\u0142ow\u0105 wielokrotnego u\u017cytku lub zastaw\u0119 sto\u0142ow\u0105 ulegaj\u0105c\u0105 biodegradacji (listek palmy itp.).<\/p>\n\n\n\n<p>\u2013 Wszystkie miski ToGo w sto\u0142\u00f3wce s\u0105 kompostowalne<\/p>\n\n\n\n<p>Uwaga: W dziedzinie opieki nad pacjentem medycznym ze wzgl\u0119d\u00f3w higienicznych nie mo\u017cna zrezygnowa\u0107 z opakowa\u0144 jednorazowych. Je\u015bli to mo\u017cliwe, zostan\u0105 poddane recyklingowi. W niekt\u00f3rych przypadkach musz\u0105 one jednak zosta\u0107 wykorzystane do odzysku termicznego jako cz\u0119\u015b\u0107 odpad\u00f3w szpitalnych.<\/p>\n\n\n\n<p><strong>Odpowied\u017a Kreiswerke Main-Kinzig GmbH<\/strong><\/p>\n\n\n\n<p>\u2013 Wy\u0142\u0105czne stosowanie zastaw sto\u0142owych wielokrotnego u\u017cytku<\/p>\n\n\n\n<p>\u2013 Puszki cukru zamiast pakowanych pa\u0142eczek cukru<\/p>\n\n\n\n<p>\u2013 Ju\u017c nie pojedyncze puszki na mleko, lecz dzbanki na mleko<\/p>\n\n\n\n<p>\u2013 Naturalne torby z juty zamiast toreb plastikowych<\/p>\n\n\n\n<p>\u2013 Koniec z pakowanymi ciasteczkami itp. dla gastronomii<\/p>\n\n\n\n<p>\u2013 Opakowania z tworzyw sztucznych po IT zast\u0105pione opakowaniami z papieru naturalnego<\/p>\n\n\n\n<p><strong>c)&nbsp;&nbsp;&nbsp;&nbsp;&nbsp;&nbsp;&nbsp;<\/strong><strong>na wydarzeniach?<\/strong><\/p>\n\n\n\n<p><strong>Odpowied\u017a:<\/strong><\/p>\n\n\n\n<p>Stosuje si\u0119 naczynia wielokrotnego u\u017cytku.<\/p>\n\n\n\n<p><strong>Ile kilogram\u00f3w plastikowych odpad\u00f3w wyprodukuje zarz\u0105d hrabstwa?<\/strong><\/p>\n\n\n\n<p><strong>Odpowied\u017a:<\/strong><\/p>\n\n\n\n<p>Poniewa\u017c odpady z tworzyw sztucznych nie s\u0105 wa\u017cone, nie mo\u017cna poda\u0107 informacji na temat masy.<\/p>\n\n\n\n<p>Na stanowiskach administracyjnych znajduje si\u0119 \u0142\u0105cznie 17 kontener\u00f3w o pojemno\u015bci 1,1 m3, kt\u00f3re s\u0105 opr\u00f3\u017cniane co miesi\u0105c.<\/p>\n\n\n\n<p><strong>Czy planowane s\u0105 dalsze \u015brodki maj\u0105ce na celu unikanie produkt\u00f3w jednorazowego u\u017cytku z tworzyw sztucznych?<\/strong><\/p>\n\n\n\n<p><strong>Odpowied\u017a:<\/strong><\/p>\n\n\n\n<p>Obecnie nie planuje si\u0119 \u017cadnych dalszych dzia\u0142a\u0144.<\/p>\n\n\n\n<p><strong>Czy istniej\u0105 szkolenia dla pracownik\u00f3w na temat tego, w jaki spos\u00f3b mo\u017cna ekologicznie zaprojektowa\u0107 miejsce pracy za pomoc\u0105 \u015brodk\u00f3w ochrony klimatu i \u015brodowiska?<\/strong><\/p>\n\n\n\n<p><strong>Odpowied\u017a:<\/strong><\/p>\n\n\n\n<p>Nie.<\/p>","protected":false},"excerpt":{"rendered":"<p>Przedmiot pytania prejudycjalnego: W dniu 31 sierpnia 2018 r. rada powiatu postanowi\u0142a zrezygnowa\u0107 z mo\u017cliwych do unikni\u0119cia produkt\u00f3w jednorazowego u\u017cytku z tworzyw sztucznych w budynkach powiatu, w firmach w\u0142asnych powiatu oraz na imprezach. Pytania: Jakie \u015brodki zosta\u0142y podj\u0119te od [...]<\/p>","protected":false},"author":-1,"featured_media":0,"comment_status":"open","ping_status":"open","sticky":false,"template":"","format":"standard","meta":{"footnotes":""},"categories":[9],"tags":[],"class_list":["post-501","post","type-post","status-publish","format-standard","hentry","category-antraege-und-anfragen"],"_links":{"self":[{"href":"https:\/\/www.gruene-mkk.de\/pl\/wp-json\/wp\/v2\/posts\/501","targetHints":{"allow":["GET"]}}],"collection":[{"href":"https:\/\/www.gruene-mkk.de\/pl\/wp-json\/wp\/v2\/posts"}],"about":[{"href":"https:\/\/www.gruene-mkk.de\/pl\/wp-json\/wp\/v2\/types\/post"}],"author":[{"embeddable":true,"href":"https:\/\/www.gruene-mkk.de\/pl\/wp-json\/wp\/v2\/users\/2"}],"replies":[{"embeddable":true,"href":"https:\/\/www.gruene-mkk.de\/pl\/wp-json\/wp\/v2\/comments?post=501"}],"version-history":[{"count":1,"href":"https:\/\/www.gruene-mkk.de\/pl\/wp-json\/wp\/v2\/posts\/501\/revisions"}],"predecessor-version":[{"id":502,"href":"https:\/\/www.gruene-mkk.de\/pl\/wp-json\/wp\/v2\/posts\/501\/revisions\/502"}],"wp:attachment":[{"href":"https:\/\/www.gruene-mkk.de\/pl\/wp-json\/wp\/v2\/media?parent=501"}],"wp:term":[{"taxonomy":"category","embeddable":true,"href":"https:\/\/www.gruene-mkk.de\/pl\/wp-json\/wp\/v2\/categories?post=501"},{"taxonomy":"post_tag","embeddable":true,"href":"https:\/\/www.gruene-mkk.de\/pl\/wp-json\/wp\/v2\/tags?post=501"}],"curies":[{"name":"wp","href":"https:\/\/api.w.org\/{rel}","templated":true}]}}