{"id":478,"date":"2021-11-24T13:29:45","date_gmt":"2021-11-24T12:29:45","guid":{"rendered":"https:\/\/www.alles-bleibt-anders.org\/?p=478"},"modified":"2021-11-24T13:29:46","modified_gmt":"2021-11-24T12:29:46","slug":"gruene-kreistagsfraktion-bespricht-bei-haushaltsklausur-schwerpunkte-fuer-das-jahr-2022","status":"publish","type":"post","link":"https:\/\/www.gruene-mkk.de\/pl\/gruene-kreistagsfraktion-bespricht-bei-haushaltsklausur-schwerpunkte-fuer-das-jahr-2022\/","title":{"rendered":"Zielona grupa parlamentarna omawia priorytety na 2022 r. w negocjacjach bud\u017cetowych"},"content":{"rendered":"<h2 class=\"wp-block-heading\"><strong>Innowacyjne pomys\u0142y na Main-Kinzig-Kreis<\/strong><\/h2>\n\n\n\n<p>\"Jeste\u015bmy dobrze przygotowani na nadchodz\u0105ce lata\", m\u00f3wi Reiner Bousonville, lider grupy parlamentarnej Zielonych. Podczas weekendu po\u015bwi\u0119conego nadchodz\u0105cym bud\u017cetom grupa spotka\u0142a si\u0119 w Bad Soden-Salm\u00fcnster na warunkach 2 g plus, aby om\u00f3wi\u0107 dane liczbowe i priorytety tematyczne.<\/p>\n\n\n\n<p>\"Dzi\u0119ki naszym 17 przedstawicielom mo\u017cemy by\u0107 najwi\u0119ksz\u0105 Zielon\u0105 Grup\u0105 od czasu naszego politycznego startu w dzielnicy Main-Kinzig\" - powiedzia\u0142 przewodnicz\u0105cy Grupy. \u201eW zwi\u0105zku z tym tym tym wa\u017cniejsze jest, aby\u015bmy omawiali i oceniali bie\u017c\u0105ce wydarzenia polityczne w kr\u0119gu w ramach regularnych i intensywnych wymian. Po raz kolejny pokaza\u0142o to, \u017ce chcemy rozwija\u0107 i ulepsza\u0107 nasz\u0105 dzielnic\u0119 z wielk\u0105 motywacj\u0105\u201d.<\/p>\n\n\n\n<p>Wa\u017cnym czynnikiem jest tu wykorzystanie funduszy o obiegu zamkni\u0119tym w bud\u017cecie na 2022 r.: \u201eJako najwi\u0119ksza partia opozycyjna musimy szczeg\u00f3\u0142owo przeanalizowa\u0107 przedstawione dane liczbowe. Taki by\u0142 cel naszych dwudniowych rekolekcji.<\/p>\n\n\n\n<p>Podczas rozmowy z szambelanem dystryktu i jego zast\u0119pc\u0105, a tak\u017ce w p\u00f3\u017aniejszej dyskusji w grupie, sta\u0142o si\u0119 jasne, \u017ce g\u0142\u00f3wni urz\u0119dnicy i wielka koalicja ustalaj\u0105 inne priorytety dla dystryktu w nadchodz\u0105cych latach: \"Bud\u017cet jest bud\u017cetem czysto administracyjnym, kt\u00f3ry nie stanowi \u017cadnego bod\u017aca dla wa\u017cnych kwestii nadchodz\u0105cego okresu\" - powiedzia\u0142 Bousonville. Tylko nowe Biuro Cyfryzacji koncentruje si\u0119 na przysz\u0142ych tematach: \u201eNiewiele uwagi po\u015bwi\u0119ca si\u0119 kwestiom takim jak \u015bcie\u017cki rowerowe czy ochrona klimatu. 300 000 EUR rocznie na budow\u0119 dr\u00f3g i \u015bcie\u017cek rowerowych wyra\u017anie pokazuje, \u017ce kr\u0105g nie chce zach\u0119ca\u0107 rowerzyst\u00f3w do innych dzia\u0142a\u0144 ni\u017c tworzenie koncepcji.<\/p>\n\n\n\n<p>Kwestia mobilno\u015bci jest poruszana jedynie nie\u015bmia\u0142o przez Kreisspitze: \u201eJednocze\u015bnie gminy powinny si\u0119gn\u0105\u0107 g\u0142\u0119biej do swoich kieszeni, podnosz\u0105c op\u0142at\u0119 powiatow\u0105 o dwa punkty, a tym samym prawie do pierwotnej warto\u015bci z 2020 r., podczas gdy powiat jest odpowiedzialny za du\u017ce obci\u0105\u017cenie w\u0142asnego bud\u017cetu poprzez zatrudnienie wielu nowych urz\u0119dnik\u00f3w\u201d. Brakuje r\u00f3wnie\u017c \u015brodk\u00f3w na planowanie i wdra\u017canie akademii zdrowia: \u201eW \u015bci\u015ble obliczonym bud\u017cecie nie uwzgl\u0119dniono \u017cadnych dodatkowych koszt\u00f3w wynikaj\u0105cych z nieoczekiwanych obci\u0105\u017ce\u0144. Wsp\u00f3\u0142czynnik \u201eoszcz\u0119dno\u015bci\u201d zosta\u0142 przeniesiony na dalszy plan.\u201d<\/p>\n\n\n\n<p>Grupa Kreistag skoncentruje si\u0119 zatem na w\u0142asnych wnioskach dotycz\u0105cych roku bud\u017cetowego 2022: \u201eWielka Koalicja nie charakteryzuje si\u0119 innowacyjnymi pomys\u0142ami, lecz jedynie czystym zarz\u0105dzaniem istniej\u0105cymi. Dla najwi\u0119kszego dystryktu heskiego jest to fatalny sygna\u0142, \u017ce Wielka Koalicja zamierza kontynuowa\u0107 swoj\u0105 \u201ezawsze na drodze\u201d w 2022 r. My, jako Zielona Grupa, wpadli\u015bmy na liczne pomys\u0142y dotycz\u0105ce tych wybor\u00f3w lokalnych, aby poczyni\u0107 post\u0119py w okr\u0119gu i poprawi\u0107 warunki \u017cycia mieszka\u0144c\u00f3w naszego okr\u0119gu. Wyja\u015bnimy to r\u00f3wnie\u017c podczas debaty bud\u017cetowej\u201d.<\/p>\n\n\n\n<p>Bousonville ma zatem nadziej\u0119, \u017ce wyniki intensywnych dwudniowych konsultacji z grup\u0105 parlamentarn\u0105 Zielonych zaapeluj\u0105 r\u00f3wnie\u017c do przyw\u00f3dc\u00f3w politycznych w okr\u0119gu: \"W ostatnich latach propozycje bud\u017cetowe opozycji zawsze by\u0142y odrzucane ze wzgl\u0119du na brak pieni\u0119dzy, podczas gdy w tym roku na przyk\u0142ad dystrykt rozdzieli\u0142 miliony nadwy\u017cek mi\u0119dzy gminy za pomoc\u0105 dodatkowego bud\u017cetu tu\u017c przed wyborami lokalnymi, obni\u017caj\u0105c op\u0142at\u0119 okr\u0119gow\u0105\" - podsumowuje Bousonville.<\/p>\n\n\n\n<p>Zapytania do:<\/p>\n\n\n\n<p>Jakob M\u00e4hler<br>Dyrektor zarz\u0105dzaj\u0105cy grupy<br>Sojusz 90 \/ Zieloni Main-Kinzig<br>06181\/61596<br>0176\/46763336<br>fraktion@gruene-mkk.deKategorie:<a href=\"https:\/\/gruene-main-kinzig.de\/kreistagsfraktion\/pressemitteilungen-aktuell\/presse-volltext\/kategorie\/fraktion-41\/article\/gruene-kreistagsfraktion-bespricht-bei-haushaltsklausur-schwerpunkte-fuer-das-jahr-2022\/\">frakcja<\/a><a href=\"https:\/\/gruene-main-kinzig.de\/kreistagsfraktion\/pressemitteilungen-aktuell\/\">Poprzedni<\/a><\/p>","protected":false},"excerpt":{"rendered":"<p>Innowacyjne pomys\u0142y dla dzielnicy Main-Kinzig \"Jeste\u015bmy dobrze przygotowani na nadchodz\u0105ce lata\", m\u00f3wi Reiner Bousonville, lider grupy parlamentarnej Zielonych. Na weekend z naciskiem na nadchodz\u0105cy bud\u017cet spe\u0142nione [...]<\/p>","protected":false},"author":-1,"featured_media":479,"comment_status":"open","ping_status":"open","sticky":false,"template":"","format":"standard","meta":{"footnotes":""},"categories":[2],"tags":[],"class_list":["post-478","post","type-post","status-publish","format-standard","has-post-thumbnail","hentry","category-newskreistagsfraktion"],"_links":{"self":[{"href":"https:\/\/www.gruene-mkk.de\/pl\/wp-json\/wp\/v2\/posts\/478","targetHints":{"allow":["GET"]}}],"collection":[{"href":"https:\/\/www.gruene-mkk.de\/pl\/wp-json\/wp\/v2\/posts"}],"about":[{"href":"https:\/\/www.gruene-mkk.de\/pl\/wp-json\/wp\/v2\/types\/post"}],"author":[{"embeddable":true,"href":"https:\/\/www.gruene-mkk.de\/pl\/wp-json\/wp\/v2\/users\/2"}],"replies":[{"embeddable":true,"href":"https:\/\/www.gruene-mkk.de\/pl\/wp-json\/wp\/v2\/comments?post=478"}],"version-history":[{"count":1,"href":"https:\/\/www.gruene-mkk.de\/pl\/wp-json\/wp\/v2\/posts\/478\/revisions"}],"predecessor-version":[{"id":480,"href":"https:\/\/www.gruene-mkk.de\/pl\/wp-json\/wp\/v2\/posts\/478\/revisions\/480"}],"wp:featuredmedia":[{"embeddable":true,"href":"https:\/\/www.gruene-mkk.de\/pl\/wp-json\/wp\/v2\/media\/479"}],"wp:attachment":[{"href":"https:\/\/www.gruene-mkk.de\/pl\/wp-json\/wp\/v2\/media?parent=478"}],"wp:term":[{"taxonomy":"category","embeddable":true,"href":"https:\/\/www.gruene-mkk.de\/pl\/wp-json\/wp\/v2\/categories?post=478"},{"taxonomy":"post_tag","embeddable":true,"href":"https:\/\/www.gruene-mkk.de\/pl\/wp-json\/wp\/v2\/tags?post=478"}],"curies":[{"name":"wp","href":"https:\/\/api.w.org\/{rel}","templated":true}]}}