{"id":3343,"date":"2026-03-16T13:16:38","date_gmt":"2026-03-16T12:16:38","guid":{"rendered":"https:\/\/www.gruene-mkk.de\/?p=3343"},"modified":"2026-03-16T13:17:11","modified_gmt":"2026-03-16T12:17:11","slug":"kommunalwahl-gruene-im-main-kinzig-kreis-zufrieden-starke-ergebnisse-fuer-neue-ortsverbaende-in-brachttal-und-jossgrund","status":"publish","type":"post","link":"https:\/\/www.gruene-mkk.de\/pl\/kommunalwahl-gruene-im-main-kinzig-kreis-zufrieden-starke-ergebnisse-fuer-neue-ortsverbaende-in-brachttal-und-jossgrund\/","title":{"rendered":"Wybory lokalne: Zieloni w dzielnicy Main-Kinzig zadowoleni - dobre wyniki dla nowych lokalnych stowarzysze\u0144 w Brachttal i Jossgrund"},"content":{"rendered":"<p>Wst\u0119pne wyniki wybor\u00f3w samorz\u0105dowych z 15 marca 2026 r. pokazuj\u0105, \u017ce B\u00fcndnis 90\/Die Gr\u00fcnen w okr\u0119gu Main-Kinzig wy\u0142ania si\u0119 z wybor\u00f3w z solidnym wynikiem. Szczeg\u00f3lnie satysfakcjonuj\u0105cy jest wyst\u0119p nowo za\u0142o\u017conych lokalnych stowarzysze\u0144 w Brachttal i Jossgrund w zesz\u0142ym roku.<\/p>\n\n\n\n<p>Oba lokalne stowarzyszenia po raz pierwszy wzi\u0119\u0142y udzia\u0142 w wyborach samorz\u0105dowych i by\u0142y w stanie osi\u0105gn\u0105\u0107 znacz\u0105cy wynik ze swojego punktu widzenia. Podkre\u015bla to rosn\u0105ce zainteresowanie polityk\u0105 ekologiczn\u0105 na obszarach wiejskich, a tak\u017ce udane prace rozwojowe zaanga\u017cowanych cz\u0142onk\u00f3w lokalnych.<\/p>\n\n\n\n<p>\"Fakt, \u017ce nasze nowe lokalne stowarzyszenia w Brachttal i Jossgrund by\u0142y w stanie osi\u0105gn\u0105\u0107 tak dobry wynik bezpo\u015brednio przy pierwszych wyborach, jest silnym sygna\u0142em\" - wyja\u015bnia Philip Schinkel, rzecznik GR\u00dcNEN Main-Kinzig. \u201eWielu obywateli chce polityki \u0142\u0105cz\u0105cej dzia\u0142ania w dziedzinie klimatu, jako\u015b\u0107 \u017cycia i zr\u00f3wnowa\u017cony rozw\u00f3j, nawet w mniejszych spo\u0142eczno\u015bciach\u201d.<\/p>\n\n\n\n<p>\"Szczerze dzi\u0119kujemy wszystkim wyborcom za ich zaufanie\", m\u00f3wi Mahwish Iftikhar, lider Zielonych w dzielnicy Main-Kinzig. Rezultat jest dla nas zach\u0119t\u0105 do dalszej ci\u0119\u017ckiej pracy na rzecz sp\u00f3jnej ochrony klimatu, przyjaznych dla \u017cycia spo\u0142eczno\u015bci i zr\u00f3wnowa\u017conego rozwoju w dzielnicy Main-Kinzig. Naszym celem pozostaje polityka, kt\u00f3ra zak\u0142ada odpowiedzialno\u015b\u0107 za \u015brodowisko przy jednoczesnym zapewnieniu sprawiedliwych szans, uczestnictwa i dobrych warunk\u00f3w \u017cycia dla wszystkich ludzi w dzielnicy Main-Kinzig.<\/p>\n\n\n\n<p>Ostateczne oficjalne wyniki wyliczenia s\u0105 nadal w toku. B\u00fcndnis 90\/Die Gr\u00fcnen Main-Kinzig dok\u0142adnie je oceni i wraz z nowo wybranymi przedstawicielami przygotuje kolejne kroki do lokalnej pracy politycznej w nadchodz\u0105cych latach.<\/p>","protected":false},"excerpt":{"rendered":"<p>Wst\u0119pne wyniki wybor\u00f3w samorz\u0105dowych z 15 marca 2026 r. pokazuj\u0105, \u017ce B\u00fcndnis 90\/Die Gr\u00fcnen w okr\u0119gu Main-Kinzig wy\u0142ania si\u0119 z wybor\u00f3w z solidnym wynikiem. Szczeg\u00f3lnie przyjemny jest wyst\u0119p [\u2026]<\/p>","protected":false},"author":-1,"featured_media":0,"comment_status":"closed","ping_status":"open","sticky":true,"template":"","format":"standard","meta":{"footnotes":""},"categories":[1],"tags":[],"class_list":["post-3343","post","type-post","status-publish","format-standard","hentry","category-allgemein"],"_links":{"self":[{"href":"https:\/\/www.gruene-mkk.de\/pl\/wp-json\/wp\/v2\/posts\/3343","targetHints":{"allow":["GET"]}}],"collection":[{"href":"https:\/\/www.gruene-mkk.de\/pl\/wp-json\/wp\/v2\/posts"}],"about":[{"href":"https:\/\/www.gruene-mkk.de\/pl\/wp-json\/wp\/v2\/types\/post"}],"author":[{"embeddable":true,"href":"https:\/\/www.gruene-mkk.de\/pl\/wp-json\/wp\/v2\/users\/2"}],"replies":[{"embeddable":true,"href":"https:\/\/www.gruene-mkk.de\/pl\/wp-json\/wp\/v2\/comments?post=3343"}],"version-history":[{"count":1,"href":"https:\/\/www.gruene-mkk.de\/pl\/wp-json\/wp\/v2\/posts\/3343\/revisions"}],"predecessor-version":[{"id":3344,"href":"https:\/\/www.gruene-mkk.de\/pl\/wp-json\/wp\/v2\/posts\/3343\/revisions\/3344"}],"wp:attachment":[{"href":"https:\/\/www.gruene-mkk.de\/pl\/wp-json\/wp\/v2\/media?parent=3343"}],"wp:term":[{"taxonomy":"category","embeddable":true,"href":"https:\/\/www.gruene-mkk.de\/pl\/wp-json\/wp\/v2\/categories?post=3343"},{"taxonomy":"post_tag","embeddable":true,"href":"https:\/\/www.gruene-mkk.de\/pl\/wp-json\/wp\/v2\/tags?post=3343"}],"curies":[{"name":"wp","href":"https:\/\/api.w.org\/{rel}","templated":true}]}}