{"id":3338,"date":"2026-03-11T11:25:47","date_gmt":"2026-03-11T10:25:47","guid":{"rendered":"https:\/\/www.gruene-mkk.de\/?p=3338"},"modified":"2026-03-11T11:26:09","modified_gmt":"2026-03-11T10:26:09","slug":"mehr-schutz-fuer-frauen-gruene-podiumsdiskussion-mit-omid-nouripour-in-hanau","status":"publish","type":"post","link":"https:\/\/www.gruene-mkk.de\/pl\/mehr-schutz-fuer-frauen-gruene-podiumsdiskussion-mit-omid-nouripour-in-hanau\/","title":{"rendered":"Wi\u0119cej ochrony dla kobiet - ZIELONY panel z Omid Nouripour w Hanau"},"content":{"rendered":"<p>W sobot\u0119 wieczorem 7 marca 2026 r. ponad 60 zainteresowanych stron przyj\u0119\u0142o zaproszenie B\u00fcndnis 90\/Die Gr\u00fcnen w dzielnicy Main-Kinzig i w Hanau na dyskusj\u0119 panelow\u0105 pt. \u201eOchrona kobiet \u2013 dzia\u0142anie lokalne, my\u015blenie globalne\u201d. Wraz z heskim cz\u0142onkiem Bundestagu Omidem Nouripourem, kandydatem na burmistrza Hanau Sascha Feldesa, czo\u0142owym kandydatem w wyborach okr\u0119gowych Mahwiszem Iftikharem, a tak\u017ce Le\u0105 Kircher i Brigitte Machnitzke z Frauenhaus W\u00e4chtersbach, uczestnicy om\u00f3wili strategie skutecznego zwalczania przemocy wobec kobiet i poprawy schronisk.<\/p>\n\n\n\n<p>Skupiono si\u0119 na pilnych wyzwaniach: przeszkody biurokratyczne w ponownej rejestracji, ubieganiu si\u0119 o \u015bwiadczenia na dzieci lub \u015bwiadczenia obywatelskie, brak dost\u0119pno\u015bci mieszka\u0144 i cz\u0119sto zbyt d\u0142ugie pobyty w istniej\u0105cych schroniskach dla kobiet. Zw\u0142aszcza na obszarach wiejskich, takich jak W\u00e4chtersbach, brak infrastruktury i ograniczony transport publiczny utrudniaj\u0105 dost\u0119p do ochrony.<\/p>\n\n\n\n<p>Omid Nouripour podkre\u015bli\u0142, \u017ce przemoc wobec kobiet nie powinna by\u0107 rozumiana jako \u201eproblem kobiet\u201d, lecz jako odpowiedzialno\u015b\u0107 za ca\u0142e spo\u0142ecze\u0144stwo. Zaapelowa\u0142 do m\u0119\u017cczyzn i ca\u0142ego spo\u0142ecze\u0144stwa, aby nie postrzegali r\u00f3wno\u015bci wy\u0142\u0105cznie jako kwestii kobiet, i odni\u00f3s\u0142 si\u0119 do mi\u0119dzynarodowych wzorc\u00f3w do na\u015bladowania, takich jak strajk kobiet na Islandii.<\/p>\n\n\n\n<p>Sascha Feldes podkre\u015bli\u0142a znaczenie edukacji, profilaktyki i bezpo\u015brednich kontakt\u00f3w dla schronisk dla kobiet w gminach w celu lepszej ochrony kobiet. Mahwish Iftikhar podkre\u015bli\u0142 znaczenie powa\u017cnego traktowania ochrony kobiet, a tak\u017ce skupienia si\u0119 na kwestiach materialnych, takich jak mieszkalnictwo i bezpieczne finansowanie schronisk dla kobiet.<\/p>\n\n\n\n<p>Przedstawiciele schroniska dla kobiet W\u00e4chtersbach jasno stwierdzili, \u017ce przemoc domowa stanowi problem dla ca\u0142ego spo\u0142ecze\u0144stwa, kt\u00f3ry obejmuje wszystkie warstwy spo\u0142eczne, i zwr\u00f3cili uwag\u0119, \u017ce dotyczy to r\u00f3wnie\u017c du\u017cej liczby dzieci. R\u00f3wno\u015b\u0107 kobiet i m\u0119\u017cczyzn musi by\u0107 nadal konsekwentnie wdra\u017cana. W pe\u0142ni finansowane schronisko dla kobiet jest kluczowym krokiem w kierunku zapewnienia ochrony i bezpiecze\u0144stwa dla wszystkich.<\/p>\n\n\n\n<p>Dyskusja wyra\u017anie pokaza\u0142a: Aby zwi\u0119kszy\u0107 r\u00f3wno\u015b\u0107 i bezpiecze\u0144stwo kobiet, polityka, spo\u0142ecze\u0144stwo i administracja musz\u0105 ze sob\u0105 wsp\u00f3\u0142pracowa\u0107, podnosi\u0107 \u015bwiadomo\u015b\u0107 i prze\u0142amywa\u0107 bariery strukturalne. Dzi\u0119ki jasnej polityce, wsparciu strukturalnemu i podnoszeniu \u015bwiadomo\u015bci GREEN Main-Kinzig i Hanau chc\u0105 jeszcze bardziej wzmocni\u0107 ochron\u0119 kobiet \u2013 z my\u015bl\u0105 o bezpiecznej przysz\u0142o\u015bci dla wszystkich w terenie.<\/p>","protected":false},"excerpt":{"rendered":"<p>W sobot\u0119 wieczorem 7 marca 2026 r. ponad 60 zainteresowanych stron przyj\u0119\u0142o zaproszenie B\u00fcndnis 90\/Die Gr\u00fcnen w Main-Kinzig-Kreis i w Hanau na dyskusj\u0119 panelow\u0105 pt. \u201eOchrona kobiet \u2013 [\u2026]<\/p>","protected":false},"author":-1,"featured_media":3339,"comment_status":"closed","ping_status":"open","sticky":true,"template":"","format":"standard","meta":{"footnotes":""},"categories":[1],"tags":[],"class_list":["post-3338","post","type-post","status-publish","format-standard","has-post-thumbnail","hentry","category-allgemein"],"_links":{"self":[{"href":"https:\/\/www.gruene-mkk.de\/pl\/wp-json\/wp\/v2\/posts\/3338","targetHints":{"allow":["GET"]}}],"collection":[{"href":"https:\/\/www.gruene-mkk.de\/pl\/wp-json\/wp\/v2\/posts"}],"about":[{"href":"https:\/\/www.gruene-mkk.de\/pl\/wp-json\/wp\/v2\/types\/post"}],"author":[{"embeddable":true,"href":"https:\/\/www.gruene-mkk.de\/pl\/wp-json\/wp\/v2\/users\/2"}],"replies":[{"embeddable":true,"href":"https:\/\/www.gruene-mkk.de\/pl\/wp-json\/wp\/v2\/comments?post=3338"}],"version-history":[{"count":1,"href":"https:\/\/www.gruene-mkk.de\/pl\/wp-json\/wp\/v2\/posts\/3338\/revisions"}],"predecessor-version":[{"id":3340,"href":"https:\/\/www.gruene-mkk.de\/pl\/wp-json\/wp\/v2\/posts\/3338\/revisions\/3340"}],"wp:featuredmedia":[{"embeddable":true,"href":"https:\/\/www.gruene-mkk.de\/pl\/wp-json\/wp\/v2\/media\/3339"}],"wp:attachment":[{"href":"https:\/\/www.gruene-mkk.de\/pl\/wp-json\/wp\/v2\/media?parent=3338"}],"wp:term":[{"taxonomy":"category","embeddable":true,"href":"https:\/\/www.gruene-mkk.de\/pl\/wp-json\/wp\/v2\/categories?post=3338"},{"taxonomy":"post_tag","embeddable":true,"href":"https:\/\/www.gruene-mkk.de\/pl\/wp-json\/wp\/v2\/tags?post=3338"}],"curies":[{"name":"wp","href":"https:\/\/api.w.org\/{rel}","templated":true}]}}