{"id":2582,"date":"2025-01-08T15:14:57","date_gmt":"2025-01-08T14:14:57","guid":{"rendered":"https:\/\/www.gruene-mkk.de\/?p=2582"},"modified":"2025-01-08T15:14:59","modified_gmt":"2025-01-08T14:14:59","slug":"waehl-liebe-kampagne-fuer-vielfalt-und-demokratie","status":"publish","type":"post","link":"https:\/\/www.gruene-mkk.de\/pl\/waehl-liebe-kampagne-fuer-vielfalt-und-demokratie\/","title":{"rendered":"Wybierz mi\u0142o\u015b\u0107: Kampania na rzecz R\u00f3\u017cnorodno\u015bci i Demokracji"},"content":{"rendered":"<p>Queer* Main-Kinzig e.V. jest pierwszym sygnatariuszem popieraj\u0105cym og\u00f3lnokrajow\u0105 kampani\u0119 ruchu CSD \u201eG\u0142osuj za mi\u0142o\u015bci\u0105\u201d w okresie poprzedzaj\u0105cym wybory do Bundestagu. Celem jest podniesienie \u015bwiadomo\u015bci wyborc\u00f3w na temat praw spo\u0142eczno\u015bci queer i wzmocnienie partii demokratycznych, kt\u00f3re opowiadaj\u0105 si\u0119 za r\u00f3\u017cnorodno\u015bci\u0105, tolerancj\u0105 i r\u00f3wno\u015bci\u0105.<\/p>\n\n\n\n<p>Jeste\u015bmy reprezentowani przy stoisku i zapraszamy do udzia\u0142u w tej wa\u017cnej akcji. Prosimy o zarejestrowanie si\u0119 do obs\u0142ugi stoiska za pomoc\u0105 poni\u017cszego formularza: <a href=\"https:\/\/termite.gruene.de\/invite\/ge50ndxS0Yr7\">https:\/\/termite.gruene.de\/invite\/ge50ndxS0Yr7<\/a><\/p>","protected":false},"excerpt":{"rendered":"<p>Queer* Main-Kinzig e.V. jest pierwszym sygnatariuszem popieraj\u0105cym og\u00f3lnokrajow\u0105 kampani\u0119 ruchu CSD \u201eG\u0142osuj za mi\u0142o\u015bci\u0105\u201d w okresie poprzedzaj\u0105cym wybory do Bundestagu. Celem jest u\u015bwiadomienie wyborcom praw spo\u0142eczno\u015bci queer [...]<\/p>","protected":false},"author":-1,"featured_media":0,"comment_status":"closed","ping_status":"open","sticky":false,"template":"","format":"standard","meta":{"footnotes":""},"categories":[1],"tags":[],"class_list":["post-2582","post","type-post","status-publish","format-standard","hentry","category-allgemein"],"_links":{"self":[{"href":"https:\/\/www.gruene-mkk.de\/pl\/wp-json\/wp\/v2\/posts\/2582","targetHints":{"allow":["GET"]}}],"collection":[{"href":"https:\/\/www.gruene-mkk.de\/pl\/wp-json\/wp\/v2\/posts"}],"about":[{"href":"https:\/\/www.gruene-mkk.de\/pl\/wp-json\/wp\/v2\/types\/post"}],"author":[{"embeddable":true,"href":"https:\/\/www.gruene-mkk.de\/pl\/wp-json\/wp\/v2\/users\/2"}],"replies":[{"embeddable":true,"href":"https:\/\/www.gruene-mkk.de\/pl\/wp-json\/wp\/v2\/comments?post=2582"}],"version-history":[{"count":1,"href":"https:\/\/www.gruene-mkk.de\/pl\/wp-json\/wp\/v2\/posts\/2582\/revisions"}],"predecessor-version":[{"id":2583,"href":"https:\/\/www.gruene-mkk.de\/pl\/wp-json\/wp\/v2\/posts\/2582\/revisions\/2583"}],"wp:attachment":[{"href":"https:\/\/www.gruene-mkk.de\/pl\/wp-json\/wp\/v2\/media?parent=2582"}],"wp:term":[{"taxonomy":"category","embeddable":true,"href":"https:\/\/www.gruene-mkk.de\/pl\/wp-json\/wp\/v2\/categories?post=2582"},{"taxonomy":"post_tag","embeddable":true,"href":"https:\/\/www.gruene-mkk.de\/pl\/wp-json\/wp\/v2\/tags?post=2582"}],"curies":[{"name":"wp","href":"https:\/\/api.w.org\/{rel}","templated":true}]}}