{"id":228,"date":"2021-10-11T15:28:00","date_gmt":"2021-10-11T13:28:00","guid":{"rendered":"https:\/\/www.alles-bleibt-anders.org\/?p=228"},"modified":"2021-11-12T19:29:55","modified_gmt":"2021-11-12T18:29:55","slug":"gruene-treffen-sich-in-brachttal","status":"publish","type":"post","link":"https:\/\/www.gruene-mkk.de\/pl\/gruene-treffen-sich-in-brachttal\/","title":{"rendered":"Zieloni spotykaj\u0105 si\u0119 w Brachttal"},"content":{"rendered":"<!--more-->\n\n\n\n<p>W ubieg\u0142y pi\u0105tek Kreisverband B\u00fcndnis 90\/Die Gr\u00fcnen Main-Kinzig (Alliance 90\/The Greens Main-Kinzig) odby\u0142 wycieczk\u0119 po dzielnicy Schlierbach z m.in. Gmina otrzyma\u0142a w ostatnich tygodniach zobowi\u0105zanie do wspierania rz\u0105du pa\u0144stwowego w rozwoju wsi, co Zieloni wykorzystali jako okazj\u0119 do wymiany potrzeb i mo\u017cliwo\u015bci zwi\u0119kszenia atrakcyjno\u015bci miejsc takich jak Brachttal dla mieszka\u0144c\u00f3w i odwiedzaj\u0105cych.<\/p>\n\n\n\n<p>Na pocz\u0105tku uczestnicy odwiedzili sklep \u201eLandGl\u00fcck\u201d w starej fabryce ceramiki W\u00e4chtersbach. \u201eZr\u00f3wnowa\u017cony rozw\u00f3j jest wa\u017cn\u0105 cz\u0119\u015bci\u0105 koncepcji naszego sklepu\u201d, wyja\u015bni\u0142a Mona Frank, jeden z operator\u00f3w sklepu, w kt\u00f3rym opr\u00f3cz \u017cywno\u015bci z Brachttal produkty wytwarzane r\u0119cznie s\u0105 sprzedawane bezpo\u015brednio przez producent\u00f3w z ca\u0142ych Niemiec. W przestronnym sklepie znalaz\u0142 si\u0119 r\u00f3wnie\u017c sklep z odzie\u017c\u0105 u\u017cywan\u0105 \u201ePusteblume\u201d. \"Kiedy ponownie otworzyli\u015bmy sklep pod now\u0105 nazw\u0105 w styczniu, chcieli\u015bmy r\u00f3wnie\u017c odnie\u015b\u0107 si\u0119 do fabryki ceramiki\" - kontynuowa\u0142 Frank. \u201eDlatego dodali\u015bmy kolekcj\u0119 ceramiki do naszego sklepu\u201d.<\/p>\n\n\n\n<p>\"Inne budynki starej fabryki ceramiki s\u0105 cz\u0119\u015bciowo wykorzystywane jako przestrze\u0144 biurowa, a na terenie znajduje si\u0119 r\u00f3wnie\u017c bar\" - wyja\u015bni\u0142 Matthias Dorka, cz\u0142onek Partii Zielonych w Brachttal. Niekt\u00f3re obszary s\u0105 nieu\u017cywane. Dalsza trasa prowadzi\u0142a obok boiska sportowego, szlak\u00f3w turystycznych i obiektu socjalnego. Po drodze uczestnicy dowiedzieli si\u0119 wiele o historii spo\u0142eczno\u015bci od obecnych Brachttaler\u00f3w. Cz\u0142onkowie okolicznych spo\u0142eczno\u015bci, Biebergem\u00fcnd, W\u00e4chtersbach i Bad Orb, om\u00f3wili wsp\u00f3lne wyzwania zwi\u0105zane z utrzymaniem infrastruktury, takiej jak opieka medyczna, i mo\u017cliwe wsp\u00f3lne projekty.<\/p>\n\n\n\n<p>\"W Brachttal wida\u0107 wiele rzeczy, kt\u00f3re ju\u017c id\u0105 dobrze, ale tak\u017ce wiele potencja\u0142u i wyzwa\u0144, z kt\u00f3rymi my, Zieloni, chcemy si\u0119 zmierzy\u0107, zw\u0142aszcza w wiejskiej dzielnicy Main-Kinzig\" - powiedzia\u0142 Reiner Bousonville, cz\u0142onek zarz\u0105du Greens Main-Kinzig i przewodnicz\u0105cy grupy, kt\u00f3ry r\u00f3wnie\u017c wzi\u0105\u0142 udzia\u0142 w spotkaniu. \"Aby m\u00f3c sobie z tym poradzi\u0107 w interesie obywateli w gminach, mamy nadziej\u0119 zdoby\u0107 wi\u0119cej cz\u0142onk\u00f3w w Brachttal i okolicznych wsiach, takich jak Bad Soden Salm\u00fcnster lub Birstein\" - powiedzia\u0142 Bousonville. Jako okazj\u0119 do dalszej wymiany pogl\u0105d\u00f3w i jako punkt kontaktowy dla zainteresowanych stron Zieloni organizuj\u0105 \u201eZielony Okr\u0105g\u0142y St\u00f3\u0142\u201d w Brachttal w dniu 3 listopada o godz. 19.00. Miejscem spotkania jest sala \u201eWLC the Room\u201d, Fabrikstra\u00dfe 12,63636 Brachttal-Schliebach. Zainteresowane strony mog\u0105 skontaktowa\u0107 si\u0119 ze stowarzyszeniem powiatowym Green Main-Kinzig pod adresem: <a href=\"#\" data-unscramble=\"ed.kkm-eneurg@vk\">kv@gruene-mkk.de<\/a> sprawozdanie.<\/p>","protected":false},"excerpt":{"rendered":"","protected":false},"author":-1,"featured_media":229,"comment_status":"open","ping_status":"open","sticky":false,"template":"","format":"standard","meta":{"footnotes":""},"categories":[4],"tags":[],"class_list":["post-228","post","type-post","status-publish","format-standard","has-post-thumbnail","hentry","category-newsortsverbaende"],"_links":{"self":[{"href":"https:\/\/www.gruene-mkk.de\/pl\/wp-json\/wp\/v2\/posts\/228","targetHints":{"allow":["GET"]}}],"collection":[{"href":"https:\/\/www.gruene-mkk.de\/pl\/wp-json\/wp\/v2\/posts"}],"about":[{"href":"https:\/\/www.gruene-mkk.de\/pl\/wp-json\/wp\/v2\/types\/post"}],"author":[{"embeddable":true,"href":"https:\/\/www.gruene-mkk.de\/pl\/wp-json\/wp\/v2\/users\/2"}],"replies":[{"embeddable":true,"href":"https:\/\/www.gruene-mkk.de\/pl\/wp-json\/wp\/v2\/comments?post=228"}],"version-history":[{"count":1,"href":"https:\/\/www.gruene-mkk.de\/pl\/wp-json\/wp\/v2\/posts\/228\/revisions"}],"predecessor-version":[{"id":230,"href":"https:\/\/www.gruene-mkk.de\/pl\/wp-json\/wp\/v2\/posts\/228\/revisions\/230"}],"wp:featuredmedia":[{"embeddable":true,"href":"https:\/\/www.gruene-mkk.de\/pl\/wp-json\/wp\/v2\/media\/229"}],"wp:attachment":[{"href":"https:\/\/www.gruene-mkk.de\/pl\/wp-json\/wp\/v2\/media?parent=228"}],"wp:term":[{"taxonomy":"category","embeddable":true,"href":"https:\/\/www.gruene-mkk.de\/pl\/wp-json\/wp\/v2\/categories?post=228"},{"taxonomy":"post_tag","embeddable":true,"href":"https:\/\/www.gruene-mkk.de\/pl\/wp-json\/wp\/v2\/tags?post=228"}],"curies":[{"name":"wp","href":"https:\/\/api.w.org\/{rel}","templated":true}]}}