{"id":2120,"date":"2024-04-17T10:21:23","date_gmt":"2024-04-17T08:21:23","guid":{"rendered":"https:\/\/www.gruene-mkk.de\/?p=2120"},"modified":"2024-04-17T10:23:00","modified_gmt":"2024-04-17T08:23:00","slug":"grenzueberschreitende-1-mai-radtour","status":"publish","type":"post","link":"https:\/\/www.gruene-mkk.de\/pl\/grenzueberschreitende-1-mai-radtour\/","title":{"rendered":"Transgraniczna wycieczka rowerowa 1 maja"},"content":{"rendered":"<p>Nasza wycieczka rowerowa 1 maja prowadzi przez trzy stowarzyszenia powiatowe, dwa kraje zwi\u0105zkowe i przez rzek\u0119, do kt\u00f3rej zapraszamy wraz z KV Aschaffenburg \/ Land i Offenbach \/ Land.<\/p>\n\n\n\n<p>Miejsce spotkania znajduje si\u0119 na <strong>\u015aroda, 1 maja, godz. 11.00 na stacji w Kahl.<\/strong> Wyjazd oko\u0142o godz. 11.15<\/p>\n\n\n\n<p>W drodze z Kahler Bahnhof, kt\u00f3rej bezbarierowej ekspansji od dziesi\u0119cioleci pragn\u0119\u0142o wielu os\u00f3b doje\u017cd\u017caj\u0105cych do pracy, odcinki Europejskiego Szlaku Kulturowego prowadz\u0105 do nowego po\u0142\u0105czenia mi\u0119dzy Kahlaue i Kahler Ortskern. Ten pierwotnie zielony pomys\u0142 w ko\u0144cu znalaz\u0142 wi\u0119kszo\u015b\u0107 i jest wdra\u017cany od kilku miesi\u0119cy. Stamt\u0105d jedziemy wzd\u0142u\u017c Kahl do jego uj\u015bcia w Main, gdzie docieramy do najni\u017cszego punktu Bawarii.<\/p>\n\n\n\n<p>W g\u00f3r\u0119 Main jedziemy dalej do Gro\u00dfkrotzenburg, skr\u0119camy do Kreuzburggymnasium i robimy kr\u00f3tki objazd do Hanauer Wald, aby pozna\u0107 rezerwat przyrody Schifflache w \u201eGr\u00fcner Ring um Hanau\u201d.<\/p>\n\n\n\n<p>Nast\u0119pnie przechodzi przez centrum wioski Gro\u00dfkrotzenburger do Mainschleuse. Zieloni w GKr i Hainburgu od dawna anga\u017cuj\u0105 si\u0119 w bezbarierowe podjazdy do mostu \u015bluzowego. W Hainburgu w lodziarni Henss chcemy zako\u0144czy\u0107 wycieczk\u0119 lodami.<\/p>\n\n\n\n<p>Po drodze b\u0119dzie du\u017co miejsca na wymian\u0119 i informacj\u0119. Z niecierpliwo\u015bci\u0105 czekamy na wielu rowerzyst\u00f3w!<\/p>","protected":false},"excerpt":{"rendered":"<p>Nasza wycieczka rowerowa 1 maja prowadzi przez trzy stowarzyszenia powiatowe, dwa kraje zwi\u0105zkowe i przez rzek\u0119, do kt\u00f3rej zapraszamy wraz z KV Aschaffenburg \/ Land i Offenbach \/ Land. Spotkanie odb\u0119dzie si\u0119 w \u015brod\u0119, [...]<\/p>","protected":false},"author":-1,"featured_media":2122,"comment_status":"closed","ping_status":"open","sticky":true,"template":"","format":"standard","meta":{"footnotes":""},"categories":[1],"tags":[],"class_list":["post-2120","post","type-post","status-publish","format-standard","has-post-thumbnail","hentry","category-allgemein"],"_links":{"self":[{"href":"https:\/\/www.gruene-mkk.de\/pl\/wp-json\/wp\/v2\/posts\/2120","targetHints":{"allow":["GET"]}}],"collection":[{"href":"https:\/\/www.gruene-mkk.de\/pl\/wp-json\/wp\/v2\/posts"}],"about":[{"href":"https:\/\/www.gruene-mkk.de\/pl\/wp-json\/wp\/v2\/types\/post"}],"author":[{"embeddable":true,"href":"https:\/\/www.gruene-mkk.de\/pl\/wp-json\/wp\/v2\/users\/2"}],"replies":[{"embeddable":true,"href":"https:\/\/www.gruene-mkk.de\/pl\/wp-json\/wp\/v2\/comments?post=2120"}],"version-history":[{"count":1,"href":"https:\/\/www.gruene-mkk.de\/pl\/wp-json\/wp\/v2\/posts\/2120\/revisions"}],"predecessor-version":[{"id":2123,"href":"https:\/\/www.gruene-mkk.de\/pl\/wp-json\/wp\/v2\/posts\/2120\/revisions\/2123"}],"wp:featuredmedia":[{"embeddable":true,"href":"https:\/\/www.gruene-mkk.de\/pl\/wp-json\/wp\/v2\/media\/2122"}],"wp:attachment":[{"href":"https:\/\/www.gruene-mkk.de\/pl\/wp-json\/wp\/v2\/media?parent=2120"}],"wp:term":[{"taxonomy":"category","embeddable":true,"href":"https:\/\/www.gruene-mkk.de\/pl\/wp-json\/wp\/v2\/categories?post=2120"},{"taxonomy":"post_tag","embeddable":true,"href":"https:\/\/www.gruene-mkk.de\/pl\/wp-json\/wp\/v2\/tags?post=2120"}],"curies":[{"name":"wp","href":"https:\/\/api.w.org\/{rel}","templated":true}]}}