{"id":1963,"date":"2023-12-07T16:49:43","date_gmt":"2023-12-07T15:49:43","guid":{"rendered":"https:\/\/www.gruene-mkk.de\/?p=1963"},"modified":"2023-12-12T14:52:33","modified_gmt":"2023-12-12T13:52:33","slug":"thomas-gassen-und-anja-zeller-sind-neue-sprecher","status":"publish","type":"post","link":"https:\/\/www.gruene-mkk.de\/pl\/thomas-gassen-und-anja-zeller-sind-neue-sprecher\/","title":{"rendered":"Thomas Gassen i Anja Zeller to nowi m\u00f3wcy"},"content":{"rendered":"<p><em>Zarz\u0105d okr\u0119gu Zielony Main-Kinzig wybiera nowych szef\u00f3w \/ cz\u0142onk\u00f3w podej\u015bcia<\/em><\/p>\n\n\n\n<div class=\"wp-block-media-text is-stacked-on-mobile is-vertically-aligned-top\"><figure class=\"wp-block-media-text__media\"><img loading=\"lazy\" decoding=\"async\" width=\"560\" height=\"1200\" src=\"https:\/\/www.gruene-mkk.de\/wp-content\/uploads\/2023\/12\/20231201_205715-560x1200.jpg\" alt=\"\" class=\"wp-image-1965 size-full\" srcset=\"https:\/\/www.gruene-mkk.de\/wp-content\/uploads\/2023\/12\/20231201_205715-560x1200.jpg 560w, https:\/\/www.gruene-mkk.de\/wp-content\/uploads\/2023\/12\/20231201_205715-280x600.jpg 280w, https:\/\/www.gruene-mkk.de\/wp-content\/uploads\/2023\/12\/20231201_205715-768x1645.jpg 768w, https:\/\/www.gruene-mkk.de\/wp-content\/uploads\/2023\/12\/20231201_205715-717x1536.jpg 717w, https:\/\/www.gruene-mkk.de\/wp-content\/uploads\/2023\/12\/20231201_205715-956x2048.jpg 956w, https:\/\/www.gruene-mkk.de\/wp-content\/uploads\/2023\/12\/20231201_205715-scaled.jpg 1196w\" sizes=\"auto, (max-width: 560px) 100vw, 560px\" \/><\/figure><div class=\"wp-block-media-text__content\">\n<p>Anja Zeller i Thomas Gassen s\u0105 nowymi rzecznikami Green District Board Main-Kinzig. W ramach rekolekcji obaj zostali wybrani przez cz\u0142onk\u00f3w zarz\u0105du.<\/p>\n\n\n\n<p>Po tym, jak zarz\u0105d okr\u0119gu prawie ca\u0142kowicie zmieni\u0142 swoj\u0105 pozycj\u0119 w ostatnich wyborach, cz\u0142onkowie spotkali si\u0119 teraz na spotkaniu rekolekcyjnym: \"Wa\u017cne by\u0142o dla nas om\u00f3wienie podstaw pracy Zarz\u0105du i okre\u015blenie naszych priorytet\u00f3w na najbli\u017csze dwa lata\" - m\u00f3wi Zeller i Gassen.<\/p>\n\n\n\n<p>Anja Zeller jest do\u015bwiadczonym politykiem z Hanau, Thomas Gassen od lat aktywnie uczestniczy w lokalnej polityce w Gro\u00dfkrotzenburgu: \"Wykorzystujemy to do\u015bwiadczenie polityczne, a tak\u017ce nasz\u0105 wieloletni\u0105 wsp\u00f3\u0142prac\u0119 z Zielonymi, aby aktywnie stawi\u0107 czo\u0142a g\u0142\u00f3wnym wyzwaniom nadchodz\u0105cych lat\", podkre\u015blaj\u0105 Zeller i Gassen: \u201eWolno\u015b\u0107 dystryktu Hanau, nast\u0119pne wybory lokalne i przesuni\u0119cie w prawo w niekt\u00f3rych cz\u0119\u015bciach dystryktu wi\u0105\u017c\u0105 si\u0119 z nowymi zadaniami, kt\u00f3rym musimy wsp\u00f3lnie stawi\u0107 czo\u0142a\u201d.<\/p>\n\n\n\n<p><\/p>\n<\/div><\/div>\n\n\n\n<p>Cieszymy si\u0119, \u017ce mo\u017cemy przyj\u0105\u0107 t\u0119 wa\u017cn\u0105 i ekscytuj\u0105c\u0105 rol\u0119 i by\u0107 g\u0142osem naszego okr\u0119gowego stowarzyszenia na \u015bwiecie zewn\u0119trznym. Do\u0142o\u017cymy wszelkich stara\u0144, aby wys\u0142ucha\u0107 i odpowiednio reprezentowa\u0107 obawy i potrzeby wszystkich lokalnych stowarzysze\u0144 i cz\u0142onk\u00f3w. Razem mo\u017cemy doprowadzi\u0107 do pozytywnych zmian i osi\u0105gn\u0105\u0107 nasze zielone cele w dzielnicy Main-Kinzig. Serdecznie dzi\u0119kujemy za zaufanie, jakim obdarzy\u0142 nas Zarz\u0105d Powiatu. Wchodzimy w nasz\u0105 now\u0105 rol\u0119 z wielk\u0105 motywacj\u0105 i z niecierpliwo\u015bci\u0105 czekamy na rozpocz\u0119cie ju\u017c teraz.<\/p>\n\n\n\n<p>Anja Zeller jest do\u015bwiadczonym politykiem z Hanau, Thomas Gassen od lat aktywnie uczestniczy w lokalnej polityce w Gro\u00dfkrotzenburgu: \"Wykorzystujemy to do\u015bwiadczenie polityczne, a tak\u017ce nasz\u0105 wieloletni\u0105 wsp\u00f3\u0142prac\u0119 z Zielonymi, aby aktywnie stawi\u0107 czo\u0142a g\u0142\u00f3wnym wyzwaniom nadchodz\u0105cych lat\", podkre\u015blaj\u0105 Zeller i Gassen: \"Wolno\u015b\u0107 dystryktu Hanau, nast\u0119pne wybory lokalne i przesuni\u0119cie w prawo w cz\u0119\u015bciach dystryktu przynosz\u0105 nowe zadania, z kt\u00f3rymi musimy si\u0119 wsp\u00f3lnie zmierzy\u0107\". Cieszymy si\u0119, \u017ce mo\u017cemy przyj\u0105\u0107 t\u0119 wa\u017cn\u0105 i ekscytuj\u0105c\u0105 rol\u0119 i by\u0107 g\u0142osem naszego stowarzyszenia dystryktu w \u015bwiecie zewn\u0119trznym. Do\u0142o\u017cymy wszelkich stara\u0144, aby wys\u0142ucha\u0107 i odpowiednio reprezentowa\u0107 obawy i potrzeby wszystkich lokalnych stowarzysze\u0144 i cz\u0142onk\u00f3w. Razem mo\u017cemy doprowadzi\u0107 do pozytywnych zmian i osi\u0105gn\u0105\u0107 nasze zielone cele w dzielnicy Main-Kinzig. Serdecznie dzi\u0119kujemy za zaufanie, jakim obdarzy\u0142 nas Zarz\u0105d Powiatu. Podchodzimy do naszego nowego zadania z wielk\u0105 motywacj\u0105 i<\/p>","protected":false},"excerpt":{"rendered":"<p>Anja Zeller i Thomas Gassen s\u0105 nowymi rzecznikami Green District Board Main-Kinzig. W trakcie rekolekcji obaj [...]<\/p>","protected":false},"author":-1,"featured_media":0,"comment_status":"closed","ping_status":"open","sticky":true,"template":"","format":"standard","meta":{"footnotes":""},"categories":[1],"tags":[],"class_list":["post-1963","post","type-post","status-publish","format-standard","hentry","category-allgemein"],"_links":{"self":[{"href":"https:\/\/www.gruene-mkk.de\/pl\/wp-json\/wp\/v2\/posts\/1963","targetHints":{"allow":["GET"]}}],"collection":[{"href":"https:\/\/www.gruene-mkk.de\/pl\/wp-json\/wp\/v2\/posts"}],"about":[{"href":"https:\/\/www.gruene-mkk.de\/pl\/wp-json\/wp\/v2\/types\/post"}],"author":[{"embeddable":true,"href":"https:\/\/www.gruene-mkk.de\/pl\/wp-json\/wp\/v2\/users\/2"}],"replies":[{"embeddable":true,"href":"https:\/\/www.gruene-mkk.de\/pl\/wp-json\/wp\/v2\/comments?post=1963"}],"version-history":[{"count":2,"href":"https:\/\/www.gruene-mkk.de\/pl\/wp-json\/wp\/v2\/posts\/1963\/revisions"}],"predecessor-version":[{"id":1967,"href":"https:\/\/www.gruene-mkk.de\/pl\/wp-json\/wp\/v2\/posts\/1963\/revisions\/1967"}],"wp:attachment":[{"href":"https:\/\/www.gruene-mkk.de\/pl\/wp-json\/wp\/v2\/media?parent=1963"}],"wp:term":[{"taxonomy":"category","embeddable":true,"href":"https:\/\/www.gruene-mkk.de\/pl\/wp-json\/wp\/v2\/categories?post=1963"},{"taxonomy":"post_tag","embeddable":true,"href":"https:\/\/www.gruene-mkk.de\/pl\/wp-json\/wp\/v2\/tags?post=1963"}],"curies":[{"name":"wp","href":"https:\/\/api.w.org\/{rel}","templated":true}]}}