{"id":183,"date":"2021-08-27T12:53:00","date_gmt":"2021-08-27T10:53:00","guid":{"rendered":"https:\/\/www.alles-bleibt-anders.org\/?p=183"},"modified":"2021-11-11T12:55:33","modified_gmt":"2021-11-11T11:55:33","slug":"windkraft-als-grosse-chance-fuer-birstein","status":"publish","type":"post","link":"https:\/\/www.gruene-mkk.de\/pl\/windkraft-als-grosse-chance-fuer-birstein\/","title":{"rendered":"Energetyka wiatrowa jako \u015bwietna okazja dla Birsteina"},"content":{"rendered":"<p>\"Planowana farma wiatrowa w Birstein to \u015bwietna okazja dla gminy\" - powiedzia\u0142 Knut Kiesel podczas wydarzenia informacyjnego na temat planowanego projektu energetyki wiatrowej.  <\/p>\n\n\n\n<!--more-->\n\n\n\n<p>W minionym tygodniu w r\u00f3\u017cnych dzielnicach Birstein odbywa\u0142y si\u0119 codzienne wydarzenia informacyjne, w kt\u00f3rych Kiesel uczestniczy\u0142 jako kandydat Zielonego Bundestagu we wschodnim dystrykcie Main-Kinzig. S\u0142ysza\u0142 obawy obywateli dotycz\u0105ce energii wiatrowej w ich spo\u0142eczno\u015bci.<\/p>\n\n\n\n<p>Dzi\u0119ki dwunastu planowanym turbinom wiatrowym na farmie wiatrowej Fischborn i dziewi\u0119ciu turbinom wiatrowym na farmie wiatrowej Aurora o \u0142\u0105cznej mocy 126 MW, oko\u0142o 315 000 os\u00f3b mog\u0142oby zosta\u0107 zaopatrzonych w energi\u0119 elektryczn\u0105. Aby wyprodukowa\u0107 t\u0119 sam\u0105 energi\u0119, 75 000 dom\u00f3w musia\u0142oby by\u0107 wyposa\u017conych w systemy fotowoltaiczne. Birstein mo\u017ce zatem w znacznym stopniu przyczyni\u0107 si\u0119 do neutralnego dla klimatu zaopatrzenia w energi\u0119 elektryczn\u0105 w dystrykcie Main-Kinzig i poza nim\u201d, wyja\u015bnia Kiesel. Leasing, podzia\u0142 dochod\u00f3w i podatek handlowy przynios\u0142yby r\u00f3wnie\u017c korzy\u015bci finansowe gminie i jej obywatelom. Dzi\u0119ki sp\u00f3\u0142dzielni energetycznej Main-Kinzig obywatele mog\u0105 generowa\u0107 dalsze dochody.<\/p>\n\n\n\n<p>\u201eZawsze lubi\u0119 widzie\u0107 nowe elektrownie wiatrowe na horyzoncie. Opowiadaj\u0105 si\u0119 za przysz\u0142o\u015bci\u0105 i czyst\u0105 energi\u0105\", m\u00f3wi Kiesel. Przeciwstawia si\u0119 krytyce niekt\u00f3rych obywateli dotycz\u0105cej wygl\u0105du system\u00f3w przez fakt, \u017ce oznakowanie nocne jest w\u0142\u0105czane w razie potrzeby, a systemy s\u0105 wyposa\u017cone w warstw\u0119 antyrefleksyjn\u0105. \"Dzieci Birsteina b\u0119d\u0105 dorasta\u0107 z turbinami wiatrowymi i postrzega\u0107 je jako symbol swojej ojczyzny, a tak\u017ce ich neutralnej dla klimatu przysz\u0142o\u015bci\" - m\u00f3wi Kiesel.<\/p>","protected":false},"excerpt":{"rendered":"<p>\"Planowana farma wiatrowa w Birstein to \u015bwietna okazja dla gminy\" - powiedzia\u0142 Knut Kiesel podczas wydarzenia informacyjnego na temat planowanego projektu energetyki wiatrowej.<\/p>","protected":false},"author":-1,"featured_media":0,"comment_status":"open","ping_status":"open","sticky":false,"template":"","format":"standard","meta":{"footnotes":""},"categories":[1,3],"tags":[],"class_list":["post-183","post","type-post","status-publish","format-standard","hentry","category-allgemein","category-newswahlen"],"_links":{"self":[{"href":"https:\/\/www.gruene-mkk.de\/pl\/wp-json\/wp\/v2\/posts\/183","targetHints":{"allow":["GET"]}}],"collection":[{"href":"https:\/\/www.gruene-mkk.de\/pl\/wp-json\/wp\/v2\/posts"}],"about":[{"href":"https:\/\/www.gruene-mkk.de\/pl\/wp-json\/wp\/v2\/types\/post"}],"author":[{"embeddable":true,"href":"https:\/\/www.gruene-mkk.de\/pl\/wp-json\/wp\/v2\/users\/2"}],"replies":[{"embeddable":true,"href":"https:\/\/www.gruene-mkk.de\/pl\/wp-json\/wp\/v2\/comments?post=183"}],"version-history":[{"count":1,"href":"https:\/\/www.gruene-mkk.de\/pl\/wp-json\/wp\/v2\/posts\/183\/revisions"}],"predecessor-version":[{"id":185,"href":"https:\/\/www.gruene-mkk.de\/pl\/wp-json\/wp\/v2\/posts\/183\/revisions\/185"}],"wp:attachment":[{"href":"https:\/\/www.gruene-mkk.de\/pl\/wp-json\/wp\/v2\/media?parent=183"}],"wp:term":[{"taxonomy":"category","embeddable":true,"href":"https:\/\/www.gruene-mkk.de\/pl\/wp-json\/wp\/v2\/categories?post=183"},{"taxonomy":"post_tag","embeddable":true,"href":"https:\/\/www.gruene-mkk.de\/pl\/wp-json\/wp\/v2\/tags?post=183"}],"curies":[{"name":"wp","href":"https:\/\/api.w.org\/{rel}","templated":true}]}}