{"id":180,"date":"2021-08-23T12:48:00","date_gmt":"2021-08-23T10:48:00","guid":{"rendered":"https:\/\/www.alles-bleibt-anders.org\/?p=180"},"modified":"2021-11-11T12:52:45","modified_gmt":"2021-11-11T11:52:45","slug":"gruene-mkk-eroeffnen-heisse-phase-des-wahlkampfes-mit-ihren-kandidaten","status":"publish","type":"post","link":"https:\/\/www.gruene-mkk.de\/pl\/gruene-mkk-eroeffnen-heisse-phase-des-wahlkampfes-mit-ihren-kandidaten\/","title":{"rendered":"Zielona MKK otwiera gor\u0105c\u0105 faz\u0119 kampanii wyborczej z kandydatami"},"content":{"rendered":"<!--more-->\n\n\n\n<p>Wraz z otwarciem g\u0142\u00f3wnej siedziby kampanii w Hanau, Zieloni w dystrykcie Mainz Kinzig og\u0142osili gor\u0105c\u0105 faz\u0119 kampanii wyborczej.\u00a0\"Do wybor\u00f3w pozosta\u0142o jeszcze 6 tygodni, walczymy o ka\u017cdy g\u0142os\" - powiedzia\u0142a Viola Ha\u00dfdenteufel, przewodnicz\u0105ca stowarzyszenia zielonego ko\u0142a MKK.\u00a0Przedstawi\u0142a zielone plany kampanii wyborczej i dw\u00f3ch bezpo\u015brednich kandydat\u00f3w:<\/p>\n\n\n\n<p>\u201eWraz z Marcusem Bockletem do\u015bwiadczony polityk ubiega si\u0119 o mandat w okr\u0119gu wyborczym 180 (Hanau). Przez wiele lat by\u0142 radnym lokalnym, radnym miasta, a obecnie jest cz\u0142onkiem parlamentu stanowego\" - podkre\u015bli\u0142 Ha\u00dfdenteufel.<\/p>\n\n\n\n<p>\u201eMoje priorytety s\u0105 jasne. Jako wyszkolony polityk spo\u0142eczny zajmuj\u0119 si\u0119 polityk\u0105 spo\u0142eczn\u0105. Chc\u0119 solidnej sieci spo\u0142eczno\u015bciowej w tym kraju, kt\u00f3ra z\u0142apie ludzi w potrzebie. Jest tu jeszcze wiele do zrobienia. Drugi temat b\u0119dzie g\u0142\u00f3wnym wyzwaniem nadchodz\u0105cych lat. Jak zapewni\u0107 kompleksow\u0105 opiek\u0119 zdrowotn\u0105? Po\u0142owa lekarzy rodzinnych jest na emeryturze, a nasze szpitale maj\u0105 du\u017ce problemy finansowe. My, Zieloni, mamy tutaj koncepcje i chc\u0119 odgrywa\u0107 aktywn\u0105 rol\u0119 w ich wdra\u017caniu\", m\u00f3wi Bocklet.<\/p>\n\n\n\n<p>Dla Knut Kiesel na pierwszym planie znajduje si\u0119 polityka ochrony klimatu: \u201eJestem w pe\u0142ni zaanga\u017cowany w transformacj\u0119 energetyczn\u0105. Chc\u0119 stworzy\u0107 wi\u0119cej zach\u0119t, aby wsz\u0119dzie generowa\u0107 wi\u0119cej energii ze \u017ar\u00f3de\u0142 odnawialnych, na przyk\u0142ad poprzez modele wsp\u00f3\u0142pracy. Polityka transportowa musi by\u0107 cz\u0119\u015bci\u0105 polityki klimatycznej. Chc\u0119 wzmocni\u0107 koncepcje transportu publicznego i sieci mobilnych, tylko w ten spos\u00f3b mo\u017cna osi\u0105gn\u0105\u0107 trwa\u0142\u0105 redukcj\u0119 emisji CO2.<sub>2<\/sub> Wyrzucony\u201d \u2013 Kiesel jest pewien.<\/p>\n\n\n\n<p>Zar\u00f3wno reklamuj\u0105 si\u0119 w stoiskach informacyjnych, jak i na wydarzeniach do wyboru. Obaj s\u0105 wspierani przez heskich ministr\u00f3w Tarka Al Wazira, Priska Hinz i Kai Klose, a tak\u017ce Roberta Habecka, kt\u00f3ry wyst\u0105pi dzi\u015b od 11.30 na rynku w Hanau.<\/p>\n\n\n\n<p>\u201eJeste\u015bmy optymistycznie nastawieni, by sta\u0107 si\u0119 cz\u0119\u015bci\u0105 nowego rz\u0105du federalnego z dobrym wynikiem. Do tego potrzebny jest ka\u017cdy g\u0142os. Musimy mie\u0107 wi\u0119ksz\u0105 odwag\u0119, aby nie ryzykowa\u0107 wszystkiego\" - podsumowuj\u0105 Bocklet i Kiesel.<\/p>","protected":false},"excerpt":{"rendered":"","protected":false},"author":-1,"featured_media":181,"comment_status":"open","ping_status":"open","sticky":false,"template":"","format":"standard","meta":{"footnotes":""},"categories":[3],"tags":[],"class_list":["post-180","post","type-post","status-publish","format-standard","has-post-thumbnail","hentry","category-newswahlen"],"_links":{"self":[{"href":"https:\/\/www.gruene-mkk.de\/pl\/wp-json\/wp\/v2\/posts\/180","targetHints":{"allow":["GET"]}}],"collection":[{"href":"https:\/\/www.gruene-mkk.de\/pl\/wp-json\/wp\/v2\/posts"}],"about":[{"href":"https:\/\/www.gruene-mkk.de\/pl\/wp-json\/wp\/v2\/types\/post"}],"author":[{"embeddable":true,"href":"https:\/\/www.gruene-mkk.de\/pl\/wp-json\/wp\/v2\/users\/2"}],"replies":[{"embeddable":true,"href":"https:\/\/www.gruene-mkk.de\/pl\/wp-json\/wp\/v2\/comments?post=180"}],"version-history":[{"count":1,"href":"https:\/\/www.gruene-mkk.de\/pl\/wp-json\/wp\/v2\/posts\/180\/revisions"}],"predecessor-version":[{"id":182,"href":"https:\/\/www.gruene-mkk.de\/pl\/wp-json\/wp\/v2\/posts\/180\/revisions\/182"}],"wp:featuredmedia":[{"embeddable":true,"href":"https:\/\/www.gruene-mkk.de\/pl\/wp-json\/wp\/v2\/media\/181"}],"wp:attachment":[{"href":"https:\/\/www.gruene-mkk.de\/pl\/wp-json\/wp\/v2\/media?parent=180"}],"wp:term":[{"taxonomy":"category","embeddable":true,"href":"https:\/\/www.gruene-mkk.de\/pl\/wp-json\/wp\/v2\/categories?post=180"},{"taxonomy":"post_tag","embeddable":true,"href":"https:\/\/www.gruene-mkk.de\/pl\/wp-json\/wp\/v2\/tags?post=180"}],"curies":[{"name":"wp","href":"https:\/\/api.w.org\/{rel}","templated":true}]}}