{"id":1474,"date":"2022-11-22T13:04:16","date_gmt":"2022-11-22T12:04:16","guid":{"rendered":"https:\/\/www.gruene-mkk.de\/?p=1474"},"modified":"2022-11-22T18:40:30","modified_gmt":"2022-11-22T17:40:30","slug":"neuwahlen-und-satzungsaenderung","status":"publish","type":"post","link":"https:\/\/www.gruene-mkk.de\/pl\/neuwahlen-und-satzungsaenderung\/","title":{"rendered":"Nowe wybory i nowelizacja statutu"},"content":{"rendered":"<p>21 listopada nasi cz\u0142onkowie spotkali si\u0119 w wiejskim domu komunalnym w Gelnhausen Hailer. Porz\u0105dek obrad obejmowa\u0142 wybory uzupe\u0142niaj\u0105ce zarz\u0105du oraz uchwalenie niekt\u00f3rych zmian w statucie i regulaminie wnoszenia wk\u0142ad\u00f3w przez wybranych przedstawicieli.<\/p>\n\n\n\n<p>Jednak przed rozpocz\u0119ciem formalno\u015bci obecni wys\u0142uchali kr\u00f3tkiego przem\u00f3wienia Mahfooza Malika, kandydata stowarzyszenia powiatowego Offenbach Land na wybory pa\u0144stwowe w 2023 r. Poinformowa\u0142 o g\u0142\u00f3wnych wyzwaniach, z kt\u00f3rymi Zieloni b\u0119d\u0105 musieli si\u0119 zmierzy\u0107 w nadchodz\u0105cych latach, i o tym, jak wygl\u0105daj\u0105 jego rozwi\u0105zania.<\/p>\n\n\n\n<p>Poniewa\u017c Maria Heider opu\u015bci\u0142a zarz\u0105d okr\u0119gu w pa\u017adzierniku, cz\u0142onkowie mieli za zadanie obsadzenie nowego stanowiska kobiety w zarz\u0105dzie. Emily Benatzky z Gelnhausen startowa\u0142a w wyborach. Studentka jest ju\u017c przewodnicz\u0105c\u0105 Green Youth Gelnhausen i zosta\u0142a jednog\u0142o\u015bnie wybrana do zarz\u0105du okr\u0119gu przez obecnych.<\/p>\n\n\n\n<p>Joachim Nickel przedstawi\u0142 zmiany w statucie wynikaj\u0105ce ze zmian w statucie przyj\u0119tych w tym roku. Zmiany w przepisach dotycz\u0105cych sk\u0142adek dla wybranych przedstawicieli s\u0105 zasadniczo postanowieniem ju\u017c obowi\u0105zuj\u0105cych um\u00f3w. Oficjalnie zarz\u0105dzenie nie ma zastosowania do pocz\u0105tku nowej kadencji rady powiatu w 2026 r. Ponadto odczytano sprawozdanie bieg\u0142ego rewidenta i bieg\u0142ego rewidenta, a zarz\u0105d zosta\u0142 zwolniony z ci\u0119\u017caru walnego zgromadzenia.<\/p>\n\n\n\n<p>By\u0142o to r\u00f3wnie\u017c ostatnie spotkanie z Mareike Forchheim jako dyrektorem okr\u0119gowym, kt\u00f3ry opu\u015bci stanowisko pod koniec roku. Zarz\u0105d wykorzysta\u0142 to wydarzenie, aby podzi\u0119kowa\u0107 jej za prac\u0119. Mareike podzi\u0119kowa\u0142a zarz\u0105dowi i cz\u0142onkom za zaufanie i dobr\u0105 wsp\u00f3\u0142prac\u0119 oraz podzieli\u0142a si\u0119 z obecnymi spostrze\u017ceniami i do\u015bwiadczeniami z ostatnich lat.<\/p>\n\n\n\n<p>Ca\u0142e wydarzenie by\u0142o transmitowane, a nast\u0119pnie mo\u017cna je obejrze\u0107 na naszym kanale YouTube: <a href=\"https:\/\/youtu.be\/Nen1o4jgHao\">https:\/\/youtu.be\/Nen1o4jgHao<\/a><\/p>\n\n\n\n<p> <\/p>\n\n\n\n<figure class=\"wp-block-gallery has-nested-images columns-default is-cropped wp-block-gallery-1 is-layout-flex wp-block-gallery-is-layout-flex\">\n<figure class=\"wp-block-image size-large\"><img loading=\"lazy\" decoding=\"async\" width=\"2560\" height=\"1756\" data-id=\"1477\" src=\"https:\/\/www.gruene-mkk.de\/wp-content\/uploads\/2022\/11\/2022-11-21-21-15-51-scaled.jpg\" alt=\"\" class=\"wp-image-1477\" srcset=\"https:\/\/www.gruene-mkk.de\/wp-content\/uploads\/2022\/11\/2022-11-21-21-15-51-scaled.jpg 2560w, https:\/\/www.gruene-mkk.de\/wp-content\/uploads\/2022\/11\/2022-11-21-21-15-51-400x274.jpg 400w, https:\/\/www.gruene-mkk.de\/wp-content\/uploads\/2022\/11\/2022-11-21-21-15-51-800x549.jpg 800w, https:\/\/www.gruene-mkk.de\/wp-content\/uploads\/2022\/11\/2022-11-21-21-15-51-768x527.jpg 768w, https:\/\/www.gruene-mkk.de\/wp-content\/uploads\/2022\/11\/2022-11-21-21-15-51-1536x1054.jpg 1536w, https:\/\/www.gruene-mkk.de\/wp-content\/uploads\/2022\/11\/2022-11-21-21-15-51-2048x1405.jpg 2048w\" sizes=\"auto, (max-width: 2560px) 100vw, 2560px\" \/><figcaption>Mahfooz Malik i Robert Erkan w rozmowie<\/figcaption><\/figure>\n\n\n\n<figure class=\"wp-block-image size-large\"><img loading=\"lazy\" decoding=\"async\" width=\"1861\" height=\"2407\" data-id=\"1476\" src=\"https:\/\/www.gruene-mkk.de\/wp-content\/uploads\/2022\/11\/2022-11-21-21-14-35.jpg\" alt=\"\" class=\"wp-image-1476\" srcset=\"https:\/\/www.gruene-mkk.de\/wp-content\/uploads\/2022\/11\/2022-11-21-21-14-35.jpg 1861w, https:\/\/www.gruene-mkk.de\/wp-content\/uploads\/2022\/11\/2022-11-21-21-14-35-400x517.jpg 400w, https:\/\/www.gruene-mkk.de\/wp-content\/uploads\/2022\/11\/2022-11-21-21-14-35-800x1035.jpg 800w, https:\/\/www.gruene-mkk.de\/wp-content\/uploads\/2022\/11\/2022-11-21-21-14-35-768x993.jpg 768w, https:\/\/www.gruene-mkk.de\/wp-content\/uploads\/2022\/11\/2022-11-21-21-14-35-1188x1536.jpg 1188w, https:\/\/www.gruene-mkk.de\/wp-content\/uploads\/2022\/11\/2022-11-21-21-14-35-1583x2048.jpg 1583w\" sizes=\"auto, (max-width: 1861px) 100vw, 1861px\" \/><figcaption>Emily Benatzky \u2013 nowo wybrana cz\u0142onkini zarz\u0105du okr\u0119gu<\/figcaption><\/figure>\n<\/figure>","protected":false},"excerpt":{"rendered":"<p>21 listopada nasi cz\u0142onkowie spotkali si\u0119 w wiejskim domu komunalnym w Gelnhausen Hailer. Porz\u0105dek obrad obejmowa\u0142 wybory uzupe\u0142niaj\u0105ce Zarz\u0105du oraz uchwa\u0142\u0119 w sprawie niekt\u00f3rych zmian w statucie i [...]<\/p>","protected":false},"author":-1,"featured_media":1475,"comment_status":"closed","ping_status":"open","sticky":false,"template":"","format":"standard","meta":{"footnotes":""},"categories":[1],"tags":[],"class_list":["post-1474","post","type-post","status-publish","format-standard","has-post-thumbnail","hentry","category-allgemein"],"_links":{"self":[{"href":"https:\/\/www.gruene-mkk.de\/pl\/wp-json\/wp\/v2\/posts\/1474","targetHints":{"allow":["GET"]}}],"collection":[{"href":"https:\/\/www.gruene-mkk.de\/pl\/wp-json\/wp\/v2\/posts"}],"about":[{"href":"https:\/\/www.gruene-mkk.de\/pl\/wp-json\/wp\/v2\/types\/post"}],"author":[{"embeddable":true,"href":"https:\/\/www.gruene-mkk.de\/pl\/wp-json\/wp\/v2\/users\/2"}],"replies":[{"embeddable":true,"href":"https:\/\/www.gruene-mkk.de\/pl\/wp-json\/wp\/v2\/comments?post=1474"}],"version-history":[{"count":2,"href":"https:\/\/www.gruene-mkk.de\/pl\/wp-json\/wp\/v2\/posts\/1474\/revisions"}],"predecessor-version":[{"id":1479,"href":"https:\/\/www.gruene-mkk.de\/pl\/wp-json\/wp\/v2\/posts\/1474\/revisions\/1479"}],"wp:featuredmedia":[{"embeddable":true,"href":"https:\/\/www.gruene-mkk.de\/pl\/wp-json\/wp\/v2\/media\/1475"}],"wp:attachment":[{"href":"https:\/\/www.gruene-mkk.de\/pl\/wp-json\/wp\/v2\/media?parent=1474"}],"wp:term":[{"taxonomy":"category","embeddable":true,"href":"https:\/\/www.gruene-mkk.de\/pl\/wp-json\/wp\/v2\/categories?post=1474"},{"taxonomy":"post_tag","embeddable":true,"href":"https:\/\/www.gruene-mkk.de\/pl\/wp-json\/wp\/v2\/tags?post=1474"}],"curies":[{"name":"wp","href":"https:\/\/api.w.org\/{rel}","templated":true}]}}