{"id":1467,"date":"2022-11-21T11:51:00","date_gmt":"2022-11-21T10:51:00","guid":{"rendered":"https:\/\/www.gruene-mkk.de\/?p=1467"},"modified":"2022-11-21T11:51:01","modified_gmt":"2022-11-21T10:51:01","slug":"gruene-nidderau-tagen-in-rueckersbach","status":"publish","type":"post","link":"https:\/\/www.gruene-mkk.de\/pl\/gruene-nidderau-tagen-in-rueckersbach\/","title":{"rendered":"Zielony Nidderau spotyka si\u0119 w R\u00fcckersbach"},"content":{"rendered":"<p>Pod koniec pa\u017adziernika frakcja Zielonych Nidderauer i zainteresowana lokalnym stowarzyszeniem<br>Konferencja w Domu Seminaryjnym w R\u00fcckersbach.<br>Tematem by\u0142 bud\u017cet miejski na lata 2023\u20132024. Wiele pracy zosta\u0142o wykonane, om\u00f3wione i zakwestionowane. Jakie projekty chcemy promowa\u0107 dla Zielonych? Gdzie mo\u017cna co\u015b uratowa\u0107? Jakie projekty s\u0105 naszym priorytetem? By\u0142o wiele do zrobienia.<br>Po intensywnych dyskusjach zebrano kilka propozycji dotycz\u0105cych nowego bud\u017cetu. Na przyk\u0142ad program inwestycyjny ma co roku obejmowa\u0107 fundusze na energooszcz\u0119dn\u0105 renowacj\u0119 budynk\u00f3w miejskich. \"Redukcja szkodliwych gaz\u00f3w cieplarnianych poprzez \u015brodki izolacji termicznej i przej\u015bcie z grzejnik\u00f3w spalinowych na pompy ciep\u0142a musi nast\u0105pi\u0107 szybko\" - wyja\u015bnia Tanja Seelbach, rzeczniczka zarz\u0105du Nidderauer GR\u00dcNEN. Oczekuje si\u0119, \u017ce zostan\u0105 z\u0142o\u017cone dalsze planowane wnioski w celu poprawy infrastruktury rowerowej i grunt\u00f3w nieuszczelnionych. \u201eMa to r\u00f3wnie\u017c na celu ograniczenie emisji CO2 i umo\u017cliwienie wyp\u0142ukiwania wody deszczowej. S\u0105 to pilne zadania w naszych czasach\u201d \u2013 kontynuuje Seelbach.<br>Pobyt w R\u00fcckersbach s\u0142u\u017cy\u0142 r\u00f3wnie\u017c sp\u0119dzeniu troch\u0119 wi\u0119cej czasu razem.<br>Sp\u0119d\u017a czas wymieniaj\u0105c si\u0119 pomys\u0142ami i delektuj\u0105c wy\u015bmienit\u0105 kuchni\u0105 w R\u00fcckersbach<br>By\u0107 rozpieszczanym.<\/p>","protected":false},"excerpt":{"rendered":"<p>Pod koniec pa\u017adziernika frakcja Zielonych Nidderauer i zainteresowana lokalnym stowarzyszeniem<br \/>\nKonferencja w Domu Seminaryjnym w R\u00fcckersbach.<\/p>","protected":false},"author":-1,"featured_media":1468,"comment_status":"closed","ping_status":"open","sticky":false,"template":"","format":"standard","meta":{"footnotes":""},"categories":[1],"tags":[],"class_list":["post-1467","post","type-post","status-publish","format-standard","has-post-thumbnail","hentry","category-allgemein"],"_links":{"self":[{"href":"https:\/\/www.gruene-mkk.de\/pl\/wp-json\/wp\/v2\/posts\/1467","targetHints":{"allow":["GET"]}}],"collection":[{"href":"https:\/\/www.gruene-mkk.de\/pl\/wp-json\/wp\/v2\/posts"}],"about":[{"href":"https:\/\/www.gruene-mkk.de\/pl\/wp-json\/wp\/v2\/types\/post"}],"author":[{"embeddable":true,"href":"https:\/\/www.gruene-mkk.de\/pl\/wp-json\/wp\/v2\/users\/2"}],"replies":[{"embeddable":true,"href":"https:\/\/www.gruene-mkk.de\/pl\/wp-json\/wp\/v2\/comments?post=1467"}],"version-history":[{"count":1,"href":"https:\/\/www.gruene-mkk.de\/pl\/wp-json\/wp\/v2\/posts\/1467\/revisions"}],"predecessor-version":[{"id":1469,"href":"https:\/\/www.gruene-mkk.de\/pl\/wp-json\/wp\/v2\/posts\/1467\/revisions\/1469"}],"wp:featuredmedia":[{"embeddable":true,"href":"https:\/\/www.gruene-mkk.de\/pl\/wp-json\/wp\/v2\/media\/1468"}],"wp:attachment":[{"href":"https:\/\/www.gruene-mkk.de\/pl\/wp-json\/wp\/v2\/media?parent=1467"}],"wp:term":[{"taxonomy":"category","embeddable":true,"href":"https:\/\/www.gruene-mkk.de\/pl\/wp-json\/wp\/v2\/categories?post=1467"},{"taxonomy":"post_tag","embeddable":true,"href":"https:\/\/www.gruene-mkk.de\/pl\/wp-json\/wp\/v2\/tags?post=1467"}],"curies":[{"name":"wp","href":"https:\/\/api.w.org\/{rel}","templated":true}]}}