{"id":1462,"date":"2022-11-18T10:16:57","date_gmt":"2022-11-18T09:16:57","guid":{"rendered":"https:\/\/www.gruene-mkk.de\/?p=1462"},"modified":"2022-11-18T10:34:47","modified_gmt":"2022-11-18T09:34:47","slug":"optimismus-in-zeiten-der-krise","status":"publish","type":"post","link":"https:\/\/www.gruene-mkk.de\/pl\/optimismus-in-zeiten-der-krise\/","title":{"rendered":"Optymizm w czasach kryzysu"},"content":{"rendered":"<p>\u201eWidzenie naszej pracy i rodzin, kt\u00f3re uda\u0142o nam si\u0119 wesprze\u0107, pomog\u0142o nam zachowa\u0107 optymizm w tym trudnym czasie\u201d \u2013 poinformowa\u0142a Alesia Azarova z ukrai\u0144skiej Fundacji 280 Dni. Fundacja wspiera kobiety w ci\u0105\u017cy, noworodki i wcze\u015bniaki poprzez edukowanie ich na temat zdrowia fizycznego i psychicznego w czasie ci\u0105\u017cy oraz zakup sprz\u0119tu do diagnostyki prenatalnej i opieki nad wcze\u015bniakami.<\/p>\n\n\n\n<p>Zgodnie z obchodzonym 17 listopada Mi\u0119dzynarodowym Dniem Wcze\u015bniak\u00f3w kobiety z Sojuszu 90\/Zieloni zaprosi\u0142y ukrai\u0144sk\u0105 kobiet\u0119 na spotkanie. Azarova poinformowa\u0142a, \u017ce za\u0142o\u017cy\u0142a fundacj\u0119 w 2020 r. przed wybuchem pandemii koronawirusa, po tym jak jej w\u0142asny syn urodzi\u0142 si\u0119 zbyt wcze\u015bnie rok wcze\u015bniej. Pocz\u0105tkowo celem by\u0142o zapewnienie edukacji i edukacji przysz\u0142ych rodzic\u00f3w i lekarzy, a tak\u017ce dobrej opieki nad wcze\u015bniakami. Pierwotna koncepcja fundacji musia\u0142a zosta\u0107 szybko dostosowana do warunk\u00f3w pandemii. Uruchomiono mi\u0119dzy innymi radio internetowe, za pomoc\u0105 kt\u00f3rego rodziny mog\u0142y otrzymywa\u0107 informacje.<\/p>\n\n\n\n<p>Dwa lata p\u00f3\u017aniej rozpocz\u0119\u0142a si\u0119 wojna i dzia\u0142alno\u015b\u0107 Fundacji ponownie si\u0119 zmieni\u0142a. Dostarczanie wyrob\u00f3w do cel\u00f3w diagnostycznych jest nadal cz\u0119\u015bci\u0105 prac. Sprz\u0119t zniszczony podczas bombardowania musi zosta\u0107 wymieniony. Jednak wojna i zwi\u0105zana z ni\u0105 trudna sytuacja finansowa rodzin sk\u0142oni\u0142a pracownik\u00f3w Fundacji do uruchomienia kolejnego programu: Wysy\u0142aj\u0105 paczki do przysz\u0142ych matek z niezb\u0119dnym wyposa\u017ceniem pocz\u0105tkowym \u2013 pieluchami, kocami, \u017cywno\u015bci\u0105 itp.<\/p>\n\n\n\n<p>Prace s\u0105 finansowane z dotacji od r\u00f3\u017cnych sponsor\u00f3w krajowych i mi\u0119dzynarodowych, a fundacja pozostaje w \u015bcis\u0142ym kontakcie z organizacjami ONZ w celu zidentyfikowania i szczeg\u00f3lnego wsparcia zapotrzebowania na materia\u0142y i sprz\u0119t na Ukrainie. Niemniej jednak fundacja jest zadowolona z ka\u017cdej darowizny, zar\u00f3wno finansowej, jak i materialnej. \"Wa\u017cne jest, aby\u015bmy byli jak najbardziej przejrzy\u015bci w kwestii tego, dok\u0105d trafiaj\u0105 nasze darowizny\" - powiedzia\u0142a Azarova. \u201eW zwi\u0105zku z tym zwracamy si\u0119 do matek, kt\u00f3re otrzymuj\u0105 wsparcie, o przesy\u0142anie zdj\u0119\u0107 siebie i swoich dzieci po otrzymaniu paczki. Przyczynia si\u0119 to nie tylko do przejrzysto\u015bci, ale tak\u017ce do rado\u015bci, jak\u0105 mamy my i nasi darczy\u0144cy, gdy widzimy owoce naszej pracy.<\/p>\n\n\n\n<p>Fundacja przyjmuje darowizny za po\u015brednictwem swojej strony internetowej: <a href=\"https:\/\/280days-en.org\/\">https:\/\/280days-en.org\/<\/a> <\/p>\n\n\n\n<p>Informuje m.in. o swojej pracy <a href=\"https:\/\/www.facebook.com\/280DaysFund\">Facebook<\/a> oraz <a href=\"https:\/\/www.instagram.com\/280daysfund\/\">Instagram<\/a>.<\/p>","protected":false},"excerpt":{"rendered":"<p>Zielone kobiety by\u0142y gospodarzami Mi\u0119dzynarodowego Dnia Przedwczesnych Niemowl\u0105t Alesia Azarova z ukrai\u0144skiej Fundacji \u201e280 Dni\u201d.<\/p>","protected":false},"author":-1,"featured_media":1463,"comment_status":"closed","ping_status":"open","sticky":false,"template":"","format":"standard","meta":{"footnotes":""},"categories":[1],"tags":[],"class_list":["post-1462","post","type-post","status-publish","format-standard","has-post-thumbnail","hentry","category-allgemein"],"_links":{"self":[{"href":"https:\/\/www.gruene-mkk.de\/pl\/wp-json\/wp\/v2\/posts\/1462","targetHints":{"allow":["GET"]}}],"collection":[{"href":"https:\/\/www.gruene-mkk.de\/pl\/wp-json\/wp\/v2\/posts"}],"about":[{"href":"https:\/\/www.gruene-mkk.de\/pl\/wp-json\/wp\/v2\/types\/post"}],"author":[{"embeddable":true,"href":"https:\/\/www.gruene-mkk.de\/pl\/wp-json\/wp\/v2\/users\/2"}],"replies":[{"embeddable":true,"href":"https:\/\/www.gruene-mkk.de\/pl\/wp-json\/wp\/v2\/comments?post=1462"}],"version-history":[{"count":2,"href":"https:\/\/www.gruene-mkk.de\/pl\/wp-json\/wp\/v2\/posts\/1462\/revisions"}],"predecessor-version":[{"id":1466,"href":"https:\/\/www.gruene-mkk.de\/pl\/wp-json\/wp\/v2\/posts\/1462\/revisions\/1466"}],"wp:featuredmedia":[{"embeddable":true,"href":"https:\/\/www.gruene-mkk.de\/pl\/wp-json\/wp\/v2\/media\/1463"}],"wp:attachment":[{"href":"https:\/\/www.gruene-mkk.de\/pl\/wp-json\/wp\/v2\/media?parent=1462"}],"wp:term":[{"taxonomy":"category","embeddable":true,"href":"https:\/\/www.gruene-mkk.de\/pl\/wp-json\/wp\/v2\/categories?post=1462"},{"taxonomy":"post_tag","embeddable":true,"href":"https:\/\/www.gruene-mkk.de\/pl\/wp-json\/wp\/v2\/tags?post=1462"}],"curies":[{"name":"wp","href":"https:\/\/api.w.org\/{rel}","templated":true}]}}