{"id":1390,"date":"2022-10-17T11:01:18","date_gmt":"2022-10-17T09:01:18","guid":{"rendered":"https:\/\/www.gruene-mkk.de\/?p=1390"},"modified":"2022-10-17T12:06:01","modified_gmt":"2022-10-17T10:06:01","slug":"delegation-beim-parteitag-in-bonn","status":"publish","type":"post","link":"https:\/\/www.gruene-mkk.de\/pl\/delegation-beim-parteitag-in-bonn\/","title":{"rendered":"Delegacja na Kongres Partii w Bonn"},"content":{"rendered":"<p>W miniony weekend nasi delegaci Barbara Sch\u00e4fer i Matthias Dorka uczestniczyli w historycznej konferencji delegat\u00f3w federalnych. Trudne decyzje musia\u0142y by\u0107 podejmowane w sprawie elektrowni atmosferycznych, g\u00f3rnictwa w\u0119gla kamiennego i dostaw broni. Debaty w pi\u0105tek i sobot\u0119 trwa\u0142y do p\u00f3\u017anych godzin wieczornych. Annalena Baerboch, Roberthabeck, Ricarda Lang, Omid Nouripour i inni cz\u0142onkowie wyg\u0142osili poruszaj\u0105ce i emocjonalne przem\u00f3wienia, w kt\u00f3rych, opr\u00f3cz potrzeby podejmowania zacienionych decyzji, potwierdzili r\u00f3wnie\u017c solidarno\u015b\u0107 Zielonych z narodem Ukrainy, a zw\u0142aszcza kobietami w Iranie i Afganistanie.<\/p>\n\n\n\n<p>By\u0142a to pierwsza konferencja delegat\u00f3w federalnych od czasu wybuchu pandemii koronawirusa. Insegsamt uczestniczy\u0142 w wydarzeniu z 800 delegatami i go\u015b\u0107mi. Przy okazji debat i g\u0142osowa\u0144, a zw\u0142aszcza podczas uroczysto\u015bci w sobotni wiecz\u00f3r, by\u0142o wiele okazji do wymiany pomys\u0142\u00f3w i nawi\u0105zania kontakt\u00f3w z delegatami z innych stowarzysze\u0144 powiatowych. <\/p>\n\n\n\n<p>Serdecznie dzi\u0119kujemy naszym delegatom za przygotowanie i intensywne rozpatrzenie poda\u0144 oraz ich wytrwa\u0142o\u015b\u0107! <\/p>\n\n\n\n<figure class=\"wp-block-gallery has-nested-images columns-default is-cropped wp-block-gallery-1 is-layout-flex wp-block-gallery-is-layout-flex\">\n<figure class=\"wp-block-image size-large\"><img loading=\"lazy\" decoding=\"async\" width=\"2560\" height=\"1920\" data-id=\"1395\" src=\"https:\/\/www.gruene-mkk.de\/wp-content\/uploads\/2022\/10\/IMG_1940-scaled.jpg\" alt=\"\" class=\"wp-image-1395\" srcset=\"https:\/\/www.gruene-mkk.de\/wp-content\/uploads\/2022\/10\/IMG_1940-scaled.jpg 2560w, https:\/\/www.gruene-mkk.de\/wp-content\/uploads\/2022\/10\/IMG_1940-400x300.jpg 400w, https:\/\/www.gruene-mkk.de\/wp-content\/uploads\/2022\/10\/IMG_1940-800x600.jpg 800w, https:\/\/www.gruene-mkk.de\/wp-content\/uploads\/2022\/10\/IMG_1940-768x576.jpg 768w, https:\/\/www.gruene-mkk.de\/wp-content\/uploads\/2022\/10\/IMG_1940-1536x1152.jpg 1536w, https:\/\/www.gruene-mkk.de\/wp-content\/uploads\/2022\/10\/IMG_1940-2048x1536.jpg 2048w\" sizes=\"auto, (max-width: 2560px) 100vw, 2560px\" \/><figcaption>Obiad z delegacj\u0105 KV Offenbach Land i Brandenburg Havel<\/figcaption><\/figure>\n\n\n\n<figure class=\"wp-block-image size-large\"><img loading=\"lazy\" decoding=\"async\" width=\"1512\" height=\"2016\" data-id=\"1393\" src=\"https:\/\/www.gruene-mkk.de\/wp-content\/uploads\/2022\/10\/9eeec698-9f7d-4166-bed0-36ebc7cb7718.jpg\" alt=\"\" class=\"wp-image-1393\" srcset=\"https:\/\/www.gruene-mkk.de\/wp-content\/uploads\/2022\/10\/9eeec698-9f7d-4166-bed0-36ebc7cb7718.jpg 1512w, https:\/\/www.gruene-mkk.de\/wp-content\/uploads\/2022\/10\/9eeec698-9f7d-4166-bed0-36ebc7cb7718-400x533.jpg 400w, https:\/\/www.gruene-mkk.de\/wp-content\/uploads\/2022\/10\/9eeec698-9f7d-4166-bed0-36ebc7cb7718-800x1067.jpg 800w, https:\/\/www.gruene-mkk.de\/wp-content\/uploads\/2022\/10\/9eeec698-9f7d-4166-bed0-36ebc7cb7718-768x1024.jpg 768w, https:\/\/www.gruene-mkk.de\/wp-content\/uploads\/2022\/10\/9eeec698-9f7d-4166-bed0-36ebc7cb7718-1152x1536.jpg 1152w\" sizes=\"auto, (max-width: 1512px) 100vw, 1512px\" \/><figcaption>Barbara Sch\u00e4fer (delegowana), Robert Erkan (kandydat na wybory krajowe w 2023 r.), Mareike Forchheim (delegowana zast\u0119pczyni), Matthias Dorka (delegowana)<\/figcaption><\/figure>\n\n\n\n<figure class=\"wp-block-image size-large\"><img loading=\"lazy\" decoding=\"async\" width=\"1600\" height=\"1204\" data-id=\"1397\" src=\"https:\/\/www.gruene-mkk.de\/wp-content\/uploads\/2022\/10\/BDK2022.jpg\" alt=\"\" class=\"wp-image-1397\" srcset=\"https:\/\/www.gruene-mkk.de\/wp-content\/uploads\/2022\/10\/BDK2022.jpg 1600w, https:\/\/www.gruene-mkk.de\/wp-content\/uploads\/2022\/10\/BDK2022-400x301.jpg 400w, https:\/\/www.gruene-mkk.de\/wp-content\/uploads\/2022\/10\/BDK2022-800x602.jpg 800w, https:\/\/www.gruene-mkk.de\/wp-content\/uploads\/2022\/10\/BDK2022-768x578.jpg 768w, https:\/\/www.gruene-mkk.de\/wp-content\/uploads\/2022\/10\/BDK2022-1536x1156.jpg 1536w\" sizes=\"auto, (max-width: 1600px) 100vw, 1600px\" \/><figcaption>Wyst\u0105pienie Roberta Habecka<\/figcaption><\/figure>\n\n\n\n<figure class=\"wp-block-image size-large\"><img loading=\"lazy\" decoding=\"async\" width=\"2016\" height=\"1512\" data-id=\"1392\" src=\"https:\/\/www.gruene-mkk.de\/wp-content\/uploads\/2022\/10\/ac16d12e-9bc5-49bc-bd01-9184d5effdff.jpg\" alt=\"\" class=\"wp-image-1392\" srcset=\"https:\/\/www.gruene-mkk.de\/wp-content\/uploads\/2022\/10\/ac16d12e-9bc5-49bc-bd01-9184d5effdff.jpg 2016w, https:\/\/www.gruene-mkk.de\/wp-content\/uploads\/2022\/10\/ac16d12e-9bc5-49bc-bd01-9184d5effdff-400x300.jpg 400w, https:\/\/www.gruene-mkk.de\/wp-content\/uploads\/2022\/10\/ac16d12e-9bc5-49bc-bd01-9184d5effdff-800x600.jpg 800w, https:\/\/www.gruene-mkk.de\/wp-content\/uploads\/2022\/10\/ac16d12e-9bc5-49bc-bd01-9184d5effdff-768x576.jpg 768w, https:\/\/www.gruene-mkk.de\/wp-content\/uploads\/2022\/10\/ac16d12e-9bc5-49bc-bd01-9184d5effdff-1536x1152.jpg 1536w\" sizes=\"auto, (max-width: 2016px) 100vw, 2016px\" \/><figcaption>Delegacja MKK z Melanie Bacher (KV Offenbach Land)<\/figcaption><\/figure>\n<\/figure>","protected":false},"excerpt":{"rendered":"<p>W miniony weekend nasi delegaci Barbara Sch\u00e4fer i Matthias Dorka uczestniczyli w historycznej konferencji delegat\u00f3w federalnych. Trudne decyzje musia\u0142y by\u0107 podejmowane w sprawie elektrowni atmosferycznych, g\u00f3rnictwa w\u0119gla kamiennego i dostaw broni. Po tym nast\u0105pi\u0142a [...]<\/p>","protected":false},"author":-1,"featured_media":1394,"comment_status":"closed","ping_status":"open","sticky":false,"template":"","format":"standard","meta":{"footnotes":""},"categories":[1],"tags":[22,18],"class_list":["post-1390","post","type-post","status-publish","format-standard","has-post-thumbnail","hentry","category-allgemein","tag-bdk","tag-unterwegs"],"_links":{"self":[{"href":"https:\/\/www.gruene-mkk.de\/pl\/wp-json\/wp\/v2\/posts\/1390","targetHints":{"allow":["GET"]}}],"collection":[{"href":"https:\/\/www.gruene-mkk.de\/pl\/wp-json\/wp\/v2\/posts"}],"about":[{"href":"https:\/\/www.gruene-mkk.de\/pl\/wp-json\/wp\/v2\/types\/post"}],"author":[{"embeddable":true,"href":"https:\/\/www.gruene-mkk.de\/pl\/wp-json\/wp\/v2\/users\/2"}],"replies":[{"embeddable":true,"href":"https:\/\/www.gruene-mkk.de\/pl\/wp-json\/wp\/v2\/comments?post=1390"}],"version-history":[{"count":2,"href":"https:\/\/www.gruene-mkk.de\/pl\/wp-json\/wp\/v2\/posts\/1390\/revisions"}],"predecessor-version":[{"id":1399,"href":"https:\/\/www.gruene-mkk.de\/pl\/wp-json\/wp\/v2\/posts\/1390\/revisions\/1399"}],"wp:featuredmedia":[{"embeddable":true,"href":"https:\/\/www.gruene-mkk.de\/pl\/wp-json\/wp\/v2\/media\/1394"}],"wp:attachment":[{"href":"https:\/\/www.gruene-mkk.de\/pl\/wp-json\/wp\/v2\/media?parent=1390"}],"wp:term":[{"taxonomy":"category","embeddable":true,"href":"https:\/\/www.gruene-mkk.de\/pl\/wp-json\/wp\/v2\/categories?post=1390"},{"taxonomy":"post_tag","embeddable":true,"href":"https:\/\/www.gruene-mkk.de\/pl\/wp-json\/wp\/v2\/tags?post=1390"}],"curies":[{"name":"wp","href":"https:\/\/api.w.org\/{rel}","templated":true}]}}