{"id":1387,"date":"2022-10-17T10:14:48","date_gmt":"2022-10-17T08:14:48","guid":{"rendered":"https:\/\/www.gruene-mkk.de\/?p=1387"},"modified":"2022-10-17T10:14:49","modified_gmt":"2022-10-17T08:14:49","slug":"zu-besuch-bei-omid-nouripour","status":"publish","type":"post","link":"https:\/\/www.gruene-mkk.de\/pl\/zu-besuch-bei-omid-nouripour\/","title":{"rendered":"Zwiedzanie Omid Nouripour"},"content":{"rendered":"<p>Gr\u00fcne Main-Kinzig informuje si\u0119 w berli\u0144skiej dzielnicy rz\u0105dowej na zaproszenie Omida Nouripoura, cz\u0142onka Bundestagu, Federalnego Zarz\u0105du B\u00fcndnis 90\/Die Gr\u00fcnen. Spotkanie z Nouripourem koncentrowa\u0142o si\u0119 na stanowisku Zielonych w sprawie konflikt\u00f3w mi\u0119dzynarodowych. M\u00f3wiono o dalszych \u015brodkach wsparcia narodu ukrai\u0144skiego przeciwko rosyjskiej wojnie napastniczej z naruszeniem prawa mi\u0119dzynarodowego. Aby pomie\u015bci\u0107 lokalne si\u0142y i innych uchod\u017ac\u00f3w z Afganistanu, Nouripour obieca\u0142 wczesny pakiet \u015brodk\u00f3w. Wspieraj\u0105c kobiety w Iranie, gdzie prawa cz\u0142owieka i kobiet s\u0105 lekcewa\u017cone przez re\u017cim terrorystyczny, a protesty s\u0105 brutalnie t\u0142umione, Zieloni og\u0142osili rezolucj\u0119 o wi\u0119kszej i namacalnej pomocy dla Kongresu Partii Federalnej.<\/p>\n\n\n\n<p>Opr\u00f3cz budynku Reichstagu grupa Zielonych z dzielnicy Main-Kinzig odwiedzi\u0142a szereg pomnik\u00f3w upami\u0119tniaj\u0105cych okropno\u015bci re\u017cimu nazistowskiego i nielegalnego pa\u0144stwa NRD. W Niemieckim Miejscu Pami\u0119ci Ruchu Oporu specjalna wystawa \u201eCichi bohaterowie\u201d w poruszaj\u0105cy spos\u00f3b zwraca uwag\u0119 na losy prze\u015bladowanych \u017byd\u00f3w i ich uciekinier\u00f3w, a w pomniku pomordowanych \u017byd\u00f3w w Europie na wszystkich tych, kt\u00f3rzy nie mogli uciec przed okropno\u015bciami nazist\u00f3w. \u201eMiejsca te pokazuj\u0105 nam wszystkim, jak wa\u017cne jest zdecydowane przeciwstawienie si\u0119 pr\u0105dom antydemokratycznym i antyludzkim nawet dzisiaj\u201d, m\u00f3wi Anja Zeller.<\/p>","protected":false},"excerpt":{"rendered":"<p>Gr\u00fcne Main-Kinzig informuje si\u0119 w berli\u0144skiej dzielnicy rz\u0105dowej na zaproszenie Omida Nouripoura, cz\u0142onka Bundestagu, Federalnego Zarz\u0105du B\u00fcndnis 90\/Die Gr\u00fcnen. Na pierwszym planie spotkania z Nouripour by\u0142a postawa Zielonych [...]<\/p>","protected":false},"author":-1,"featured_media":1388,"comment_status":"closed","ping_status":"open","sticky":false,"template":"","format":"standard","meta":{"footnotes":""},"categories":[1,4],"tags":[21,17,19,20,18],"class_list":["post-1387","post","type-post","status-publish","format-standard","has-post-thumbnail","hentry","category-allgemein","category-newsortsverbaende","tag-berlin","tag-biebergemuend","tag-hanau","tag-maintal","tag-unterwegs"],"_links":{"self":[{"href":"https:\/\/www.gruene-mkk.de\/pl\/wp-json\/wp\/v2\/posts\/1387","targetHints":{"allow":["GET"]}}],"collection":[{"href":"https:\/\/www.gruene-mkk.de\/pl\/wp-json\/wp\/v2\/posts"}],"about":[{"href":"https:\/\/www.gruene-mkk.de\/pl\/wp-json\/wp\/v2\/types\/post"}],"author":[{"embeddable":true,"href":"https:\/\/www.gruene-mkk.de\/pl\/wp-json\/wp\/v2\/users\/2"}],"replies":[{"embeddable":true,"href":"https:\/\/www.gruene-mkk.de\/pl\/wp-json\/wp\/v2\/comments?post=1387"}],"version-history":[{"count":1,"href":"https:\/\/www.gruene-mkk.de\/pl\/wp-json\/wp\/v2\/posts\/1387\/revisions"}],"predecessor-version":[{"id":1389,"href":"https:\/\/www.gruene-mkk.de\/pl\/wp-json\/wp\/v2\/posts\/1387\/revisions\/1389"}],"wp:featuredmedia":[{"embeddable":true,"href":"https:\/\/www.gruene-mkk.de\/pl\/wp-json\/wp\/v2\/media\/1388"}],"wp:attachment":[{"href":"https:\/\/www.gruene-mkk.de\/pl\/wp-json\/wp\/v2\/media?parent=1387"}],"wp:term":[{"taxonomy":"category","embeddable":true,"href":"https:\/\/www.gruene-mkk.de\/pl\/wp-json\/wp\/v2\/categories?post=1387"},{"taxonomy":"post_tag","embeddable":true,"href":"https:\/\/www.gruene-mkk.de\/pl\/wp-json\/wp\/v2\/tags?post=1387"}],"curies":[{"name":"wp","href":"https:\/\/api.w.org\/{rel}","templated":true}]}}