{"id":1229,"date":"2022-07-11T19:41:46","date_gmt":"2022-07-11T17:41:46","guid":{"rendered":"https:\/\/www.gruene-mkk.de\/?p=1229"},"modified":"2022-07-11T19:51:35","modified_gmt":"2022-07-11T17:51:35","slug":"wir-haben-lust-auf-wahlkampf","status":"publish","type":"post","link":"https:\/\/www.gruene-mkk.de\/pl\/wir-haben-lust-auf-wahlkampf\/","title":{"rendered":"Chcemy prowadzi\u0107 kampani\u0119!"},"content":{"rendered":"<p>8 lipca w Bad Orb odby\u0142o si\u0119 nasze wydarzenie informacyjne na temat kampanii wyborczej. Oko\u0142o 30 cz\u0142onk\u00f3w i go\u015bci przyby\u0142o na wydarzenie i zosta\u0142o dostrojonych do kampanii wyborczej na pi\u0119knym tle w czytelni w Bad Orber Kurpark. <\/p>\n\n\n\n<p>W centrum wydarzenia by\u0142a dyskusja z cz\u0142onkiem parlamentu Kathrin Anders i kandydatami do Main-Kinzig-Kreis w ostatniej kampanii wyborczej, Birol Avci, Cornelia Hofacker i G\u00fcnther Koch. Ahmet Cetiner, rzecznik zarz\u0105du okr\u0119gu, poprowadzi\u0142 rozmow\u0119 i wraz z by\u0142ymi kandydatami prze\u015bledzi\u0142 drog\u0119 od decyzji do kandydatury, przez list\u0119, a\u017c do dnia wybor\u00f3w.<\/p>\n\n\n\n<p>Z ich do\u015bwiadczenia mo\u017cna r\u00f3wnie\u017c wyprowadzi\u0107 wiele zada\u0144 na nadchodz\u0105c\u0105 pa\u0144stwow\u0105 kampani\u0119 wyborcz\u0105. Dlatego ten wspania\u0142y wiecz\u00f3r z du\u017c\u0105 ilo\u015bci\u0105 miejsca na wymian\u0119 by\u0142 dopiero pocz\u0105tkiem!<\/p>\n\n\n\n<p>I tak jest teraz:<\/p>\n\n\n\n<p>w dniu<strong> 20 lipca<\/strong> Wszystkich zainteresowanych kandydatur\u0105 lub kandydatur\u0105 zast\u0119pcz\u0105 zapraszamy na rozmow\u0119 z Zarz\u0105dem Powiatu. Je\u015bli nadal jeste\u015b zainteresowany kandydatur\u0105, mo\u017cesz wys\u0142a\u0107 e-mail na adres: <a href=\"#\" data-unscramble=\"ed.kkm-eneurg@vk\">kv@gruene-mkk.de<\/a> sprawozdanie.<\/p>\n\n\n\n<p>w dniu <strong>24 wrze\u015bnia<\/strong> Odbywaj\u0105 si\u0119 wybory naszych bezpo\u015brednich kandydat\u00f3w. Wi\u0119cej informacji wkr\u00f3tce.<\/p>\n\n\n\n<p>A jesieni\u0105 ma nast\u0105pi\u0107 wi\u0119cej wydarze\u0144 dla pomocnik\u00f3w kampanii. Tutaj r\u00f3wnie\u017c jeste\u015bcie serdecznie zaproszeni do <strong>Zesp\u00f3\u0142 ds. kampanii wyborczej <\/strong>nale\u017cy zg\u0142osi\u0107 <a href=\"#\" data-unscramble=\"ed.kkm-eneurg@vk\">(kv@gruene-mkk.de<\/a>)!<\/p>\n\n\n\n<p>Z niecierpliwo\u015bci\u0105 czekamy na kampani\u0119 wyborcz\u0105 w 2023 r. z Wami wszystkimi!<\/p>\n\n\n\n<figure class=\"wp-block-gallery has-nested-images columns-2 is-cropped wp-block-gallery-1 is-layout-flex wp-block-gallery-is-layout-flex\">\n<figure class=\"wp-block-image size-large\"><a href=\"https:\/\/www.gruene-mkk.de\/wp-content\/uploads\/2022\/07\/P1120106-scaled.jpg\"><img loading=\"lazy\" decoding=\"async\" width=\"2560\" height=\"1708\" data-id=\"1244\" src=\"http:\/\/www.gruene-mkk.de\/wp-content\/uploads\/2022\/07\/P1120106-scaled.jpg\" alt=\"\" class=\"wp-image-1244\" srcset=\"https:\/\/www.gruene-mkk.de\/wp-content\/uploads\/2022\/07\/P1120106-scaled.jpg 2560w, https:\/\/www.gruene-mkk.de\/wp-content\/uploads\/2022\/07\/P1120106-400x267.jpg 400w, https:\/\/www.gruene-mkk.de\/wp-content\/uploads\/2022\/07\/P1120106-800x534.jpg 800w, https:\/\/www.gruene-mkk.de\/wp-content\/uploads\/2022\/07\/P1120106-768x512.jpg 768w, https:\/\/www.gruene-mkk.de\/wp-content\/uploads\/2022\/07\/P1120106-1536x1025.jpg 1536w, https:\/\/www.gruene-mkk.de\/wp-content\/uploads\/2022\/07\/P1120106-2048x1367.jpg 2048w\" sizes=\"auto, (max-width: 2560px) 100vw, 2560px\" \/><\/a><\/figure>\n\n\n\n<figure class=\"wp-block-image size-large\"><a href=\"https:\/\/www.gruene-mkk.de\/wp-content\/uploads\/2022\/07\/P1120017-scaled.jpg\"><img loading=\"lazy\" decoding=\"async\" width=\"2560\" height=\"1708\" data-id=\"1230\" src=\"http:\/\/www.gruene-mkk.de\/wp-content\/uploads\/2022\/07\/P1120017-scaled.jpg\" alt=\"\" class=\"wp-image-1230\" srcset=\"https:\/\/www.gruene-mkk.de\/wp-content\/uploads\/2022\/07\/P1120017-scaled.jpg 2560w, https:\/\/www.gruene-mkk.de\/wp-content\/uploads\/2022\/07\/P1120017-400x267.jpg 400w, https:\/\/www.gruene-mkk.de\/wp-content\/uploads\/2022\/07\/P1120017-800x534.jpg 800w, https:\/\/www.gruene-mkk.de\/wp-content\/uploads\/2022\/07\/P1120017-768x512.jpg 768w, https:\/\/www.gruene-mkk.de\/wp-content\/uploads\/2022\/07\/P1120017-1536x1025.jpg 1536w, https:\/\/www.gruene-mkk.de\/wp-content\/uploads\/2022\/07\/P1120017-2048x1367.jpg 2048w\" sizes=\"auto, (max-width: 2560px) 100vw, 2560px\" \/><\/a><\/figure>\n\n\n\n<figure class=\"wp-block-image size-large\"><a href=\"https:\/\/www.gruene-mkk.de\/wp-content\/uploads\/2022\/07\/P1120036-scaled.jpg\"><img loading=\"lazy\" decoding=\"async\" width=\"2560\" height=\"1708\" data-id=\"1232\" src=\"http:\/\/www.gruene-mkk.de\/wp-content\/uploads\/2022\/07\/P1120036-scaled.jpg\" alt=\"\" class=\"wp-image-1232\" srcset=\"https:\/\/www.gruene-mkk.de\/wp-content\/uploads\/2022\/07\/P1120036-scaled.jpg 2560w, https:\/\/www.gruene-mkk.de\/wp-content\/uploads\/2022\/07\/P1120036-400x267.jpg 400w, https:\/\/www.gruene-mkk.de\/wp-content\/uploads\/2022\/07\/P1120036-800x534.jpg 800w, https:\/\/www.gruene-mkk.de\/wp-content\/uploads\/2022\/07\/P1120036-768x512.jpg 768w, https:\/\/www.gruene-mkk.de\/wp-content\/uploads\/2022\/07\/P1120036-1536x1025.jpg 1536w, https:\/\/www.gruene-mkk.de\/wp-content\/uploads\/2022\/07\/P1120036-2048x1367.jpg 2048w\" sizes=\"auto, (max-width: 2560px) 100vw, 2560px\" \/><\/a><\/figure>\n\n\n\n<figure class=\"wp-block-image size-large\"><a href=\"https:\/\/www.gruene-mkk.de\/wp-content\/uploads\/2022\/07\/P1120041-scaled.jpg\"><img loading=\"lazy\" decoding=\"async\" width=\"2560\" height=\"1708\" data-id=\"1233\" src=\"http:\/\/www.gruene-mkk.de\/wp-content\/uploads\/2022\/07\/P1120041-scaled.jpg\" alt=\"\" class=\"wp-image-1233\" srcset=\"https:\/\/www.gruene-mkk.de\/wp-content\/uploads\/2022\/07\/P1120041-scaled.jpg 2560w, https:\/\/www.gruene-mkk.de\/wp-content\/uploads\/2022\/07\/P1120041-400x267.jpg 400w, https:\/\/www.gruene-mkk.de\/wp-content\/uploads\/2022\/07\/P1120041-800x534.jpg 800w, https:\/\/www.gruene-mkk.de\/wp-content\/uploads\/2022\/07\/P1120041-768x512.jpg 768w, https:\/\/www.gruene-mkk.de\/wp-content\/uploads\/2022\/07\/P1120041-1536x1025.jpg 1536w, https:\/\/www.gruene-mkk.de\/wp-content\/uploads\/2022\/07\/P1120041-2048x1367.jpg 2048w\" sizes=\"auto, (max-width: 2560px) 100vw, 2560px\" \/><\/a><\/figure>\n\n\n\n<figure class=\"wp-block-image size-large\"><a href=\"https:\/\/www.gruene-mkk.de\/wp-content\/uploads\/2022\/07\/P1120051-scaled.jpg\"><img loading=\"lazy\" decoding=\"async\" width=\"2560\" height=\"1708\" data-id=\"1234\" src=\"http:\/\/www.gruene-mkk.de\/wp-content\/uploads\/2022\/07\/P1120051-scaled.jpg\" alt=\"\" class=\"wp-image-1234\" srcset=\"https:\/\/www.gruene-mkk.de\/wp-content\/uploads\/2022\/07\/P1120051-scaled.jpg 2560w, https:\/\/www.gruene-mkk.de\/wp-content\/uploads\/2022\/07\/P1120051-400x267.jpg 400w, https:\/\/www.gruene-mkk.de\/wp-content\/uploads\/2022\/07\/P1120051-800x534.jpg 800w, https:\/\/www.gruene-mkk.de\/wp-content\/uploads\/2022\/07\/P1120051-768x512.jpg 768w, https:\/\/www.gruene-mkk.de\/wp-content\/uploads\/2022\/07\/P1120051-1536x1025.jpg 1536w, https:\/\/www.gruene-mkk.de\/wp-content\/uploads\/2022\/07\/P1120051-2048x1367.jpg 2048w\" sizes=\"auto, (max-width: 2560px) 100vw, 2560px\" \/><\/a><\/figure>\n\n\n\n<figure class=\"wp-block-image size-large\"><a href=\"https:\/\/www.gruene-mkk.de\/wp-content\/uploads\/2022\/07\/P1120062-scaled.jpg\"><img loading=\"lazy\" decoding=\"async\" width=\"2560\" height=\"1708\" data-id=\"1238\" src=\"http:\/\/www.gruene-mkk.de\/wp-content\/uploads\/2022\/07\/P1120062-scaled.jpg\" alt=\"\" class=\"wp-image-1238\" srcset=\"https:\/\/www.gruene-mkk.de\/wp-content\/uploads\/2022\/07\/P1120062-scaled.jpg 2560w, https:\/\/www.gruene-mkk.de\/wp-content\/uploads\/2022\/07\/P1120062-400x267.jpg 400w, https:\/\/www.gruene-mkk.de\/wp-content\/uploads\/2022\/07\/P1120062-800x534.jpg 800w, https:\/\/www.gruene-mkk.de\/wp-content\/uploads\/2022\/07\/P1120062-768x512.jpg 768w, https:\/\/www.gruene-mkk.de\/wp-content\/uploads\/2022\/07\/P1120062-1536x1025.jpg 1536w, https:\/\/www.gruene-mkk.de\/wp-content\/uploads\/2022\/07\/P1120062-2048x1367.jpg 2048w\" sizes=\"auto, (max-width: 2560px) 100vw, 2560px\" \/><\/a><\/figure>\n\n\n\n<figure class=\"wp-block-image size-large\"><a href=\"https:\/\/www.gruene-mkk.de\/wp-content\/uploads\/2022\/07\/P1120089-scaled.jpg\"><img loading=\"lazy\" decoding=\"async\" width=\"2560\" height=\"1708\" data-id=\"1240\" src=\"http:\/\/www.gruene-mkk.de\/wp-content\/uploads\/2022\/07\/P1120089-scaled.jpg\" alt=\"\" class=\"wp-image-1240\" srcset=\"https:\/\/www.gruene-mkk.de\/wp-content\/uploads\/2022\/07\/P1120089-scaled.jpg 2560w, https:\/\/www.gruene-mkk.de\/wp-content\/uploads\/2022\/07\/P1120089-400x267.jpg 400w, https:\/\/www.gruene-mkk.de\/wp-content\/uploads\/2022\/07\/P1120089-800x534.jpg 800w, https:\/\/www.gruene-mkk.de\/wp-content\/uploads\/2022\/07\/P1120089-768x512.jpg 768w, https:\/\/www.gruene-mkk.de\/wp-content\/uploads\/2022\/07\/P1120089-1536x1025.jpg 1536w, https:\/\/www.gruene-mkk.de\/wp-content\/uploads\/2022\/07\/P1120089-2048x1367.jpg 2048w\" sizes=\"auto, (max-width: 2560px) 100vw, 2560px\" \/><\/a><\/figure>\n\n\n\n<figure class=\"wp-block-image size-large\"><a href=\"https:\/\/www.gruene-mkk.de\/wp-content\/uploads\/2022\/07\/P1120056-scaled.jpg\"><img loading=\"lazy\" decoding=\"async\" width=\"2560\" height=\"1708\" data-id=\"1236\" src=\"http:\/\/www.gruene-mkk.de\/wp-content\/uploads\/2022\/07\/P1120056-scaled.jpg\" alt=\"\" class=\"wp-image-1236\" srcset=\"https:\/\/www.gruene-mkk.de\/wp-content\/uploads\/2022\/07\/P1120056-scaled.jpg 2560w, https:\/\/www.gruene-mkk.de\/wp-content\/uploads\/2022\/07\/P1120056-400x267.jpg 400w, https:\/\/www.gruene-mkk.de\/wp-content\/uploads\/2022\/07\/P1120056-800x534.jpg 800w, https:\/\/www.gruene-mkk.de\/wp-content\/uploads\/2022\/07\/P1120056-768x512.jpg 768w, https:\/\/www.gruene-mkk.de\/wp-content\/uploads\/2022\/07\/P1120056-1536x1025.jpg 1536w, https:\/\/www.gruene-mkk.de\/wp-content\/uploads\/2022\/07\/P1120056-2048x1367.jpg 2048w\" sizes=\"auto, (max-width: 2560px) 100vw, 2560px\" \/><\/a><\/figure>\n\n\n\n<figure class=\"wp-block-image size-large\"><a href=\"https:\/\/www.gruene-mkk.de\/wp-content\/uploads\/2022\/07\/P1120091-scaled.jpg\"><img loading=\"lazy\" decoding=\"async\" width=\"2560\" height=\"1708\" data-id=\"1241\" src=\"http:\/\/www.gruene-mkk.de\/wp-content\/uploads\/2022\/07\/P1120091-scaled.jpg\" alt=\"\" class=\"wp-image-1241\" srcset=\"https:\/\/www.gruene-mkk.de\/wp-content\/uploads\/2022\/07\/P1120091-scaled.jpg 2560w, https:\/\/www.gruene-mkk.de\/wp-content\/uploads\/2022\/07\/P1120091-400x267.jpg 400w, https:\/\/www.gruene-mkk.de\/wp-content\/uploads\/2022\/07\/P1120091-800x534.jpg 800w, https:\/\/www.gruene-mkk.de\/wp-content\/uploads\/2022\/07\/P1120091-768x512.jpg 768w, https:\/\/www.gruene-mkk.de\/wp-content\/uploads\/2022\/07\/P1120091-1536x1025.jpg 1536w, https:\/\/www.gruene-mkk.de\/wp-content\/uploads\/2022\/07\/P1120091-2048x1367.jpg 2048w\" sizes=\"auto, (max-width: 2560px) 100vw, 2560px\" \/><\/a><\/figure>\n\n\n\n<figure class=\"wp-block-image size-large\"><a href=\"https:\/\/www.gruene-mkk.de\/wp-content\/uploads\/2022\/07\/P1120059-scaled.jpg\"><img loading=\"lazy\" decoding=\"async\" width=\"2560\" height=\"1708\" data-id=\"1237\" src=\"http:\/\/www.gruene-mkk.de\/wp-content\/uploads\/2022\/07\/P1120059-scaled.jpg\" alt=\"\" class=\"wp-image-1237\" srcset=\"https:\/\/www.gruene-mkk.de\/wp-content\/uploads\/2022\/07\/P1120059-scaled.jpg 2560w, https:\/\/www.gruene-mkk.de\/wp-content\/uploads\/2022\/07\/P1120059-400x267.jpg 400w, https:\/\/www.gruene-mkk.de\/wp-content\/uploads\/2022\/07\/P1120059-800x534.jpg 800w, https:\/\/www.gruene-mkk.de\/wp-content\/uploads\/2022\/07\/P1120059-768x512.jpg 768w, https:\/\/www.gruene-mkk.de\/wp-content\/uploads\/2022\/07\/P1120059-1536x1025.jpg 1536w, https:\/\/www.gruene-mkk.de\/wp-content\/uploads\/2022\/07\/P1120059-2048x1367.jpg 2048w\" sizes=\"auto, (max-width: 2560px) 100vw, 2560px\" \/><\/a><\/figure>\n\n\n\n<figure class=\"wp-block-image size-large\"><a href=\"https:\/\/www.gruene-mkk.de\/wp-content\/uploads\/2022\/07\/P1120054-scaled.jpg\"><img loading=\"lazy\" decoding=\"async\" width=\"2560\" height=\"1708\" data-id=\"1235\" src=\"http:\/\/www.gruene-mkk.de\/wp-content\/uploads\/2022\/07\/P1120054-scaled.jpg\" alt=\"\" class=\"wp-image-1235\" srcset=\"https:\/\/www.gruene-mkk.de\/wp-content\/uploads\/2022\/07\/P1120054-scaled.jpg 2560w, https:\/\/www.gruene-mkk.de\/wp-content\/uploads\/2022\/07\/P1120054-400x267.jpg 400w, https:\/\/www.gruene-mkk.de\/wp-content\/uploads\/2022\/07\/P1120054-800x534.jpg 800w, https:\/\/www.gruene-mkk.de\/wp-content\/uploads\/2022\/07\/P1120054-768x512.jpg 768w, https:\/\/www.gruene-mkk.de\/wp-content\/uploads\/2022\/07\/P1120054-1536x1025.jpg 1536w, https:\/\/www.gruene-mkk.de\/wp-content\/uploads\/2022\/07\/P1120054-2048x1367.jpg 2048w\" sizes=\"auto, (max-width: 2560px) 100vw, 2560px\" \/><\/a><\/figure>\n\n\n\n<figure class=\"wp-block-image size-large\"><a href=\"https:\/\/www.gruene-mkk.de\/wp-content\/uploads\/2022\/07\/P1120069-scaled.jpg\"><img loading=\"lazy\" decoding=\"async\" width=\"2560\" height=\"1708\" data-id=\"1239\" src=\"http:\/\/www.gruene-mkk.de\/wp-content\/uploads\/2022\/07\/P1120069-scaled.jpg\" alt=\"\" class=\"wp-image-1239\" srcset=\"https:\/\/www.gruene-mkk.de\/wp-content\/uploads\/2022\/07\/P1120069-scaled.jpg 2560w, https:\/\/www.gruene-mkk.de\/wp-content\/uploads\/2022\/07\/P1120069-400x267.jpg 400w, https:\/\/www.gruene-mkk.de\/wp-content\/uploads\/2022\/07\/P1120069-800x534.jpg 800w, https:\/\/www.gruene-mkk.de\/wp-content\/uploads\/2022\/07\/P1120069-768x512.jpg 768w, https:\/\/www.gruene-mkk.de\/wp-content\/uploads\/2022\/07\/P1120069-1536x1025.jpg 1536w, https:\/\/www.gruene-mkk.de\/wp-content\/uploads\/2022\/07\/P1120069-2048x1367.jpg 2048w\" sizes=\"auto, (max-width: 2560px) 100vw, 2560px\" \/><\/a><\/figure>\n\n\n\n<figure class=\"wp-block-image size-large\"><a href=\"https:\/\/www.gruene-mkk.de\/wp-content\/uploads\/2022\/07\/P1120113-scaled.jpg\"><img loading=\"lazy\" decoding=\"async\" width=\"2560\" height=\"1708\" data-id=\"1245\" src=\"http:\/\/www.gruene-mkk.de\/wp-content\/uploads\/2022\/07\/P1120113-scaled.jpg\" alt=\"\" class=\"wp-image-1245\" srcset=\"https:\/\/www.gruene-mkk.de\/wp-content\/uploads\/2022\/07\/P1120113-scaled.jpg 2560w, https:\/\/www.gruene-mkk.de\/wp-content\/uploads\/2022\/07\/P1120113-400x267.jpg 400w, https:\/\/www.gruene-mkk.de\/wp-content\/uploads\/2022\/07\/P1120113-800x534.jpg 800w, https:\/\/www.gruene-mkk.de\/wp-content\/uploads\/2022\/07\/P1120113-768x512.jpg 768w, https:\/\/www.gruene-mkk.de\/wp-content\/uploads\/2022\/07\/P1120113-1536x1025.jpg 1536w, https:\/\/www.gruene-mkk.de\/wp-content\/uploads\/2022\/07\/P1120113-2048x1367.jpg 2048w\" sizes=\"auto, (max-width: 2560px) 100vw, 2560px\" \/><\/a><\/figure>\n\n\n\n<figure class=\"wp-block-image size-large\"><a href=\"https:\/\/www.gruene-mkk.de\/wp-content\/uploads\/2022\/07\/P1120096-scaled.jpg\"><img loading=\"lazy\" decoding=\"async\" width=\"2560\" height=\"1708\" data-id=\"1242\" src=\"http:\/\/www.gruene-mkk.de\/wp-content\/uploads\/2022\/07\/P1120096-scaled.jpg\" alt=\"\" class=\"wp-image-1242\" srcset=\"https:\/\/www.gruene-mkk.de\/wp-content\/uploads\/2022\/07\/P1120096-scaled.jpg 2560w, https:\/\/www.gruene-mkk.de\/wp-content\/uploads\/2022\/07\/P1120096-400x267.jpg 400w, https:\/\/www.gruene-mkk.de\/wp-content\/uploads\/2022\/07\/P1120096-800x534.jpg 800w, https:\/\/www.gruene-mkk.de\/wp-content\/uploads\/2022\/07\/P1120096-768x512.jpg 768w, https:\/\/www.gruene-mkk.de\/wp-content\/uploads\/2022\/07\/P1120096-1536x1025.jpg 1536w, https:\/\/www.gruene-mkk.de\/wp-content\/uploads\/2022\/07\/P1120096-2048x1367.jpg 2048w\" sizes=\"auto, (max-width: 2560px) 100vw, 2560px\" \/><\/a><\/figure>\n\n\n\n<figure class=\"wp-block-image size-large\"><a href=\"https:\/\/www.gruene-mkk.de\/wp-content\/uploads\/2022\/07\/P1120098-scaled.jpg\"><img loading=\"lazy\" decoding=\"async\" width=\"2560\" height=\"1708\" data-id=\"1243\" src=\"http:\/\/www.gruene-mkk.de\/wp-content\/uploads\/2022\/07\/P1120098-scaled.jpg\" alt=\"\" class=\"wp-image-1243\" srcset=\"https:\/\/www.gruene-mkk.de\/wp-content\/uploads\/2022\/07\/P1120098-scaled.jpg 2560w, https:\/\/www.gruene-mkk.de\/wp-content\/uploads\/2022\/07\/P1120098-400x267.jpg 400w, https:\/\/www.gruene-mkk.de\/wp-content\/uploads\/2022\/07\/P1120098-800x534.jpg 800w, https:\/\/www.gruene-mkk.de\/wp-content\/uploads\/2022\/07\/P1120098-768x512.jpg 768w, https:\/\/www.gruene-mkk.de\/wp-content\/uploads\/2022\/07\/P1120098-1536x1025.jpg 1536w, https:\/\/www.gruene-mkk.de\/wp-content\/uploads\/2022\/07\/P1120098-2048x1367.jpg 2048w\" sizes=\"auto, (max-width: 2560px) 100vw, 2560px\" \/><\/a><\/figure>\n\n\n\n<figure class=\"wp-block-image size-large\"><a href=\"https:\/\/www.gruene-mkk.de\/wp-content\/uploads\/2022\/07\/P1120115-scaled.jpg\"><img loading=\"lazy\" decoding=\"async\" width=\"2560\" height=\"1708\" data-id=\"1246\" src=\"http:\/\/www.gruene-mkk.de\/wp-content\/uploads\/2022\/07\/P1120115-scaled.jpg\" alt=\"\" class=\"wp-image-1246\" srcset=\"https:\/\/www.gruene-mkk.de\/wp-content\/uploads\/2022\/07\/P1120115-scaled.jpg 2560w, https:\/\/www.gruene-mkk.de\/wp-content\/uploads\/2022\/07\/P1120115-400x267.jpg 400w, https:\/\/www.gruene-mkk.de\/wp-content\/uploads\/2022\/07\/P1120115-800x534.jpg 800w, https:\/\/www.gruene-mkk.de\/wp-content\/uploads\/2022\/07\/P1120115-768x512.jpg 768w, https:\/\/www.gruene-mkk.de\/wp-content\/uploads\/2022\/07\/P1120115-1536x1025.jpg 1536w, https:\/\/www.gruene-mkk.de\/wp-content\/uploads\/2022\/07\/P1120115-2048x1367.jpg 2048w\" sizes=\"auto, (max-width: 2560px) 100vw, 2560px\" \/><\/a><\/figure>\n<\/figure>","protected":false},"excerpt":{"rendered":"<p>8 lipca w Bad Orb odby\u0142o si\u0119 nasze wydarzenie informacyjne na temat kampanii wyborczej. Oko\u0142o 30 cz\u0142onk\u00f3w i go\u015bci przyby\u0142o na wydarzenie i zosta\u0142o powitanych przed pi\u0119knym t\u0142em w czytelni w [...]<\/p>","protected":false},"author":-1,"featured_media":1238,"comment_status":"open","ping_status":"open","sticky":false,"template":"","format":"standard","meta":{"footnotes":""},"categories":[1,3],"tags":[],"class_list":["post-1229","post","type-post","status-publish","format-standard","has-post-thumbnail","hentry","category-allgemein","category-newswahlen"],"_links":{"self":[{"href":"https:\/\/www.gruene-mkk.de\/pl\/wp-json\/wp\/v2\/posts\/1229","targetHints":{"allow":["GET"]}}],"collection":[{"href":"https:\/\/www.gruene-mkk.de\/pl\/wp-json\/wp\/v2\/posts"}],"about":[{"href":"https:\/\/www.gruene-mkk.de\/pl\/wp-json\/wp\/v2\/types\/post"}],"author":[{"embeddable":true,"href":"https:\/\/www.gruene-mkk.de\/pl\/wp-json\/wp\/v2\/users\/2"}],"replies":[{"embeddable":true,"href":"https:\/\/www.gruene-mkk.de\/pl\/wp-json\/wp\/v2\/comments?post=1229"}],"version-history":[{"count":2,"href":"https:\/\/www.gruene-mkk.de\/pl\/wp-json\/wp\/v2\/posts\/1229\/revisions"}],"predecessor-version":[{"id":1248,"href":"https:\/\/www.gruene-mkk.de\/pl\/wp-json\/wp\/v2\/posts\/1229\/revisions\/1248"}],"wp:featuredmedia":[{"embeddable":true,"href":"https:\/\/www.gruene-mkk.de\/pl\/wp-json\/wp\/v2\/media\/1238"}],"wp:attachment":[{"href":"https:\/\/www.gruene-mkk.de\/pl\/wp-json\/wp\/v2\/media?parent=1229"}],"wp:term":[{"taxonomy":"category","embeddable":true,"href":"https:\/\/www.gruene-mkk.de\/pl\/wp-json\/wp\/v2\/categories?post=1229"},{"taxonomy":"post_tag","embeddable":true,"href":"https:\/\/www.gruene-mkk.de\/pl\/wp-json\/wp\/v2\/tags?post=1229"}],"curies":[{"name":"wp","href":"https:\/\/api.w.org\/{rel}","templated":true}]}}