{"id":1187,"date":"2022-06-14T10:10:00","date_gmt":"2022-06-14T08:10:00","guid":{"rendered":"https:\/\/www.gruene-mkk.de\/?p=1187"},"modified":"2022-06-24T10:13:11","modified_gmt":"2022-06-24T08:13:11","slug":"hessen-in-besten-haenden","status":"publish","type":"post","link":"https:\/\/www.gruene-mkk.de\/pl\/hessen-in-besten-haenden\/","title":{"rendered":"Hesja w najlepszych r\u0119kach"},"content":{"rendered":"<p>Dzi\u0119ki tej obietnicy nasze stowarzyszenie regionalne \u015bwi\u0119towa\u0142o dzi\u015b pocz\u0105tek wybor\u00f3w pa\u0144stwowych w 2023 r. Nasz federalny przewodnicz\u0105cy Omid Nouripur, kt\u00f3ry jasno wyja\u015bni\u0142, \u017ce z najpopularniejszym Hesse <\/p>\n\n\n\n<p>Mo\u017cemy pewnie rozpocz\u0105\u0107 polityk\u00f3w Tarka Al Wazira w tr\u00f3jdro\u017cnej walce o Kancelari\u0119 Pa\u0144stwa w Wiesbaden! W swoim wyst\u0105pieniu wideo Robert Habeck podkre\u015bli\u0142 odwag\u0119, jak\u0105 Zieloni w Hesji B\u00fcndnis 90\/Die Gr\u00fcnen Hessen wykazuj\u0105 z perspektyw\u0105 obiecuj\u0105cych zmian i wsparcia dla kraju. Tarek al Wazir potwierdzi\u0142 nasz\u0105 odpowiedzialno\u015b\u0107 po 8 latach udzia\u0142u rz\u0105du z wieloma ZIELONYMI sukcesami w Hesji, aby poprowadzi\u0107 kraj i nar\u00f3d przez dotkliwe kryzysy i niezb\u0119dn\u0105 transformacj\u0119 w kierunku neutralno\u015bci klimatycznej i bezpiecze\u0144stwa energetycznego. <\/p>\n\n\n\n<p>Stowarzyszenie powiatowe MKK liczy\u0142o 11 cz\u0142onk\u00f3w (9 dotar\u0142o do zdj\u0119cia <img loading=\"lazy\" decoding=\"async\" height=\"16\" width=\"16\" alt=\"??\" src=\"https:\/\/static.xx.fbcdn.net\/images\/emoji.php\/v9\/ta8\/1.5\/16\/1f601.png\">) na miejscu i podejmie iskr\u0119 na pocz\u0105tku kampanii wyborczej i przeka\u017ce j\u0105 wszystkim naszym cz\u0142onkom.<\/p>","protected":false},"excerpt":{"rendered":"<p>Dzi\u0119ki tej obietnicy nasze stowarzyszenie regionalne \u015bwi\u0119towa\u0142o dzi\u015b pocz\u0105tek wybor\u00f3w pa\u0144stwowych w 2023 r. Nasz federalny przewodnicz\u0105cy Omid Nouripur, kt\u00f3ry wyra\u017anie stwierdzi\u0142, \u017ce podr\u00f3\u017cowa\u0142 z Berlina [...]<\/p>","protected":false},"author":-1,"featured_media":1188,"comment_status":"open","ping_status":"open","sticky":false,"template":"","format":"standard","meta":{"footnotes":""},"categories":[1,3],"tags":[],"class_list":["post-1187","post","type-post","status-publish","format-standard","has-post-thumbnail","hentry","category-allgemein","category-newswahlen"],"_links":{"self":[{"href":"https:\/\/www.gruene-mkk.de\/pl\/wp-json\/wp\/v2\/posts\/1187","targetHints":{"allow":["GET"]}}],"collection":[{"href":"https:\/\/www.gruene-mkk.de\/pl\/wp-json\/wp\/v2\/posts"}],"about":[{"href":"https:\/\/www.gruene-mkk.de\/pl\/wp-json\/wp\/v2\/types\/post"}],"author":[{"embeddable":true,"href":"https:\/\/www.gruene-mkk.de\/pl\/wp-json\/wp\/v2\/users\/2"}],"replies":[{"embeddable":true,"href":"https:\/\/www.gruene-mkk.de\/pl\/wp-json\/wp\/v2\/comments?post=1187"}],"version-history":[{"count":1,"href":"https:\/\/www.gruene-mkk.de\/pl\/wp-json\/wp\/v2\/posts\/1187\/revisions"}],"predecessor-version":[{"id":1189,"href":"https:\/\/www.gruene-mkk.de\/pl\/wp-json\/wp\/v2\/posts\/1187\/revisions\/1189"}],"wp:featuredmedia":[{"embeddable":true,"href":"https:\/\/www.gruene-mkk.de\/pl\/wp-json\/wp\/v2\/media\/1188"}],"wp:attachment":[{"href":"https:\/\/www.gruene-mkk.de\/pl\/wp-json\/wp\/v2\/media?parent=1187"}],"wp:term":[{"taxonomy":"category","embeddable":true,"href":"https:\/\/www.gruene-mkk.de\/pl\/wp-json\/wp\/v2\/categories?post=1187"},{"taxonomy":"post_tag","embeddable":true,"href":"https:\/\/www.gruene-mkk.de\/pl\/wp-json\/wp\/v2\/tags?post=1187"}],"curies":[{"name":"wp","href":"https:\/\/api.w.org\/{rel}","templated":true}]}}