{"id":1183,"date":"2022-06-17T16:50:36","date_gmt":"2022-06-17T14:50:36","guid":{"rendered":"https:\/\/www.gruene-mkk.de\/?p=1183"},"modified":"2022-06-17T16:50:36","modified_gmt":"2022-06-17T14:50:36","slug":"neue-energien-braucht-das-land","status":"publish","type":"post","link":"https:\/\/www.gruene-mkk.de\/pl\/neue-energien-braucht-das-land\/","title":{"rendered":"Kraj potrzebuje nowych energii"},"content":{"rendered":"<p><em>Zieloni Main-Kinzig zajmuj\u0105 si\u0119 odnawialnymi \u017ar\u00f3d\u0142ami energii i zbli\u017caj\u0105cymi si\u0119 wyborami pa\u0144stwowymi na walnym zgromadzeniu<\/em><\/p>\n\n\n\n<!--more-->\n\n\n\n<p>\u201eW powiecie nale\u017cy wreszcie powa\u017cnie zaj\u0105\u0107 si\u0119 rozwojem energii ze \u017ar\u00f3de\u0142 odnawialnych, a w Wiesbaden w 2023 r. do Kancelarii Stanu musi wia\u0107 zielony wiatr. Tarek Al Wazir musi zosta\u0107 premierem\" - powiedzia\u0142 Ahmet Cetiner, rzecznik Green Main-Kinzig District Association, na Zgromadzeniu Og\u00f3lnym 15.6.22 w Rodenbach. Odni\u00f3s\u0142 si\u0119 przy tym zar\u00f3wno do zbli\u017caj\u0105cej si\u0119 pa\u0144stwowej kampanii wyborczej, na kt\u00f3r\u0105 zarz\u0105d uzgodni\u0142 swoich cz\u0142onk\u00f3w, jak i do decyzji podj\u0119tej wsp\u00f3lnie przez zgromadzenie w sprawie energii ze \u017ar\u00f3de\u0142 odnawialnych.<\/p>\n\n\n\n<p>Wcze\u015bniej jednak Rada Dyrektor\u00f3w og\u0142osi\u0142a zmian\u0119 we w\u0142asnych szeregach: Viola Ha\u00dfdenteufel przekaza\u0142a biuro rzeczniczce, swojej kole\u017cance z zarz\u0105du, Marii Heider. Dzi\u0119ki naszemu silnemu wzrostowi i nadchodz\u0105cym kampaniom wyborczym mamy przed sob\u0105 szereg zada\u0144. Wa\u017cne jest, aby\u015bmy po\u0142\u0105czyli mocne strony naszych cz\u0142onk\u00f3w zarz\u0105du i rozdzielili zadania na silne ramiona. Poniewa\u017c w zesz\u0142ym roku obj\u0105\u0142em r\u00f3wnie\u017c stanowisko wiceprzewodnicz\u0105cego grup parlamentarnych w radzie okr\u0119gu, ciesz\u0119 si\u0119, \u017ce mog\u0119 przekaza\u0107 urz\u0105d rzecznika wielkiemu nast\u0119pcy\" - wyja\u015bnia Viola Ha\u00dfdenteufel. Heider podzi\u0119kowa\u0142 jej za zaufanie i zaanga\u017cowanie jej poprzednika.<\/p>\n\n\n\n<p>Na spotkaniu z J\u00fcrgenem Staabem, wsp\u00f3\u0142przewodnicz\u0105cym sp\u00f3\u0142dzielni energetycznej Main-Kinzig eG, om\u00f3wiono perspektywy rozwoju odnawialnych \u017ar\u00f3de\u0142 energii w powiecie. \u201eWalka Ukrainy z Rosj\u0105 o jej wolno\u015b\u0107 i bezpiecze\u0144stwo obejmuje teraz walk\u0119 o bezpiecze\u0144stwo energetyczne\u201d \u2013 podkre\u015bli\u0142a Maria Heider. \u201eW szczeg\u00f3lno\u015bci Niemcy musz\u0105 pilnie rozwi\u0105za\u0107 kwesti\u0119 zale\u017cno\u015bci od rosyjskiej ropy naftowej i gazu. Rozw\u00f3j energii ze \u017ar\u00f3de\u0142 odnawialnych sta\u0142 si\u0119 egzystencjalny w celu zapewnienia naszego bezpiecze\u0144stwa energetycznego i ochrony klimatu. Po prostu nie mo\u017cemy ju\u017c sobie pozwoli\u0107 na blokad\u0119 ze strony w\u0142adc\u00f3w na szczeblu okr\u0119g\u00f3w i op\u00f3\u017anienia w badaniu priorytetowych obszar\u00f3w wiatrowych, takich jak Freigericht\u201d.<\/p>\n\n\n\n<p>W rezolucji Zgromadzenie Og\u00f3lne Green Main-Kinzig podkre\u015bla potrzeb\u0119 dalszego rozwoju odnawialnych \u017ar\u00f3de\u0142 energii i opowiada si\u0119 za przyspieszon\u0105 ekspansj\u0105 energii wiatrowej i system\u00f3w fotowoltaicznych. W kr\u0119gu nie mo\u017ce r\u00f3wnie\u017c zabrakn\u0105\u0107 zielonego wodoru. Nale\u017cy promowa\u0107 efektywno\u015b\u0107 energetyczn\u0105 i oszcz\u0119dno\u015b\u0107 energii. Budynki i instytucje publiczne stanowi\u0105 wz\u00f3r do na\u015bladowania.<\/p>\n\n\n\n<p>Ostatnio zarz\u0105d wyra\u017anie og\u0142osi\u0142 cele nadchodz\u0105cych kampanii wyborczych: \u201eMy, Zieloni, nie jeste\u015bmy ju\u017c eko-aplikacj\u0105 SPD. Mamy w\u0142asn\u0105 bardzo udan\u0105 to\u017csamo\u015b\u0107\" - powiedzia\u0142 Ahmet Cetiner, cytuj\u0105c przem\u00f3wienie Tarka Al-Wazira na ostatnim Kongresie Partii Narodowej. \u201eChcemy by\u0107 odpowiedzialni. Dlatego wprowadzimy kandydata do wybor\u00f3w powiatowych i ju\u017c zaczynamy budowa\u0107 kandydat\u00f3w do wybor\u00f3w stanowych.<\/p>","protected":false},"excerpt":{"rendered":"<p>Zieloni Main-Kinzig zajmuj\u0105 si\u0119 odnawialnymi \u017ar\u00f3d\u0142ami energii i zbli\u017caj\u0105cymi si\u0119 wyborami pa\u0144stwowymi na walnym zgromadzeniu<\/p>","protected":false},"author":-1,"featured_media":1184,"comment_status":"open","ping_status":"open","sticky":false,"template":"","format":"standard","meta":{"footnotes":""},"categories":[1],"tags":[],"class_list":["post-1183","post","type-post","status-publish","format-standard","has-post-thumbnail","hentry","category-allgemein"],"_links":{"self":[{"href":"https:\/\/www.gruene-mkk.de\/pl\/wp-json\/wp\/v2\/posts\/1183","targetHints":{"allow":["GET"]}}],"collection":[{"href":"https:\/\/www.gruene-mkk.de\/pl\/wp-json\/wp\/v2\/posts"}],"about":[{"href":"https:\/\/www.gruene-mkk.de\/pl\/wp-json\/wp\/v2\/types\/post"}],"author":[{"embeddable":true,"href":"https:\/\/www.gruene-mkk.de\/pl\/wp-json\/wp\/v2\/users\/2"}],"replies":[{"embeddable":true,"href":"https:\/\/www.gruene-mkk.de\/pl\/wp-json\/wp\/v2\/comments?post=1183"}],"version-history":[{"count":1,"href":"https:\/\/www.gruene-mkk.de\/pl\/wp-json\/wp\/v2\/posts\/1183\/revisions"}],"predecessor-version":[{"id":1185,"href":"https:\/\/www.gruene-mkk.de\/pl\/wp-json\/wp\/v2\/posts\/1183\/revisions\/1185"}],"wp:featuredmedia":[{"embeddable":true,"href":"https:\/\/www.gruene-mkk.de\/pl\/wp-json\/wp\/v2\/media\/1184"}],"wp:attachment":[{"href":"https:\/\/www.gruene-mkk.de\/pl\/wp-json\/wp\/v2\/media?parent=1183"}],"wp:term":[{"taxonomy":"category","embeddable":true,"href":"https:\/\/www.gruene-mkk.de\/pl\/wp-json\/wp\/v2\/categories?post=1183"},{"taxonomy":"post_tag","embeddable":true,"href":"https:\/\/www.gruene-mkk.de\/pl\/wp-json\/wp\/v2\/tags?post=1183"}],"curies":[{"name":"wp","href":"https:\/\/api.w.org\/{rel}","templated":true}]}}