{"id":1069,"date":"2022-05-05T17:32:00","date_gmt":"2022-05-05T15:32:00","guid":{"rendered":"https:\/\/www.gruene-mkk.de\/?p=1069"},"modified":"2022-05-12T17:36:44","modified_gmt":"2022-05-12T15:36:44","slug":"veranstaltung-nachhaltige-landwirtschaft-in-hessen","status":"publish","type":"post","link":"https:\/\/www.gruene-mkk.de\/pl\/veranstaltung-nachhaltige-landwirtschaft-in-hessen\/","title":{"rendered":"Wydarzenie: \u201eZr\u00f3wnowa\u017cone rolnictwo w Hesji\u201d"},"content":{"rendered":"<p>28 kwietnia 2022 r., opr\u00f3cz Marka Tragesera, przewodnicz\u0105cego Stowarzyszenia Rolnik\u00f3w Main-Kinzig-Kreis, niekt\u00f3rzy rolnicy i inni zainteresowani obywatele z Biebergem\u00fcnd przyj\u0119li r\u00f3wnie\u017c zaproszenie Stowarzyszenia Zielonych Lokalnych do:&nbsp;<a href=\"https:\/\/www.gruene-biebergemuend.de\/2022\/04\/15\/28-4-stammtisch-mit-hans-juergen-mueller\/\">Cyfrowy Zielony Okr\u0105g\u0142y St\u00f3\u0142 \u201eZr\u00f3wnowa\u017cone rolnictwo w Hesji\u201d<\/a>&nbsp;Zaj\u0119ty.<\/p>\n\n\n\n<p>Wieloletni rolnik ekologiczny i rzecznik Zielonej Grupy Parlamentarnej ds. Rolnictwa, Dobrostanu Zwierz\u0105t i My\u015blistwa,\u00a0<a href=\"https:\/\/www.mueller-witzenhausen.de\/\">Hans-J\u00fcrgen M\u00fcller<\/a>, Po raz pierwszy opisa\u0142 sw\u00f3j pogl\u0105d na rolnictwo w czasie.\u00a0<\/p>\n\n\n\n<p><a href=\"https:\/\/www.gruene-biebergemuend.de\/2022\/05\/03\/gruene-agrarpolitik-fuer-hessen-mit-hans-juergen-mueller\/\">Szczeg\u00f3\u0142owe sprawozdanie z tego wydarzenia mo\u017cna znale\u017a\u0107 na stronie internetowej Gr\u00fcner Biebergem\u00fcnd.<\/a><\/p>","protected":false},"excerpt":{"rendered":"<p>28 kwietnia 2022 r., opr\u00f3cz Marka Tragesera, przewodnicz\u0105cego stowarzyszenia rolnik\u00f3w z okr\u0119gu Main-Kinzig, niekt\u00f3rzy rolnicy i inni zainteresowani wsp\u00f3\u0142obywatele z Biebergem\u00fcnd poszli za zaproszeniem Zielonych [...]<\/p>","protected":false},"author":-1,"featured_media":0,"comment_status":"open","ping_status":"open","sticky":false,"template":"","format":"standard","meta":{"footnotes":""},"categories":[4],"tags":[],"class_list":["post-1069","post","type-post","status-publish","format-standard","hentry","category-newsortsverbaende"],"_links":{"self":[{"href":"https:\/\/www.gruene-mkk.de\/pl\/wp-json\/wp\/v2\/posts\/1069","targetHints":{"allow":["GET"]}}],"collection":[{"href":"https:\/\/www.gruene-mkk.de\/pl\/wp-json\/wp\/v2\/posts"}],"about":[{"href":"https:\/\/www.gruene-mkk.de\/pl\/wp-json\/wp\/v2\/types\/post"}],"author":[{"embeddable":true,"href":"https:\/\/www.gruene-mkk.de\/pl\/wp-json\/wp\/v2\/users\/2"}],"replies":[{"embeddable":true,"href":"https:\/\/www.gruene-mkk.de\/pl\/wp-json\/wp\/v2\/comments?post=1069"}],"version-history":[{"count":1,"href":"https:\/\/www.gruene-mkk.de\/pl\/wp-json\/wp\/v2\/posts\/1069\/revisions"}],"predecessor-version":[{"id":1071,"href":"https:\/\/www.gruene-mkk.de\/pl\/wp-json\/wp\/v2\/posts\/1069\/revisions\/1071"}],"wp:attachment":[{"href":"https:\/\/www.gruene-mkk.de\/pl\/wp-json\/wp\/v2\/media?parent=1069"}],"wp:term":[{"taxonomy":"category","embeddable":true,"href":"https:\/\/www.gruene-mkk.de\/pl\/wp-json\/wp\/v2\/categories?post=1069"},{"taxonomy":"post_tag","embeddable":true,"href":"https:\/\/www.gruene-mkk.de\/pl\/wp-json\/wp\/v2\/tags?post=1069"}],"curies":[{"name":"wp","href":"https:\/\/api.w.org\/{rel}","templated":true}]}}