{"id":1033,"date":"2022-04-19T09:00:00","date_gmt":"2022-04-19T07:00:00","guid":{"rendered":"https:\/\/www.gruene-mkk.de\/?p=1033"},"modified":"2022-04-19T12:46:10","modified_gmt":"2022-04-19T10:46:10","slug":"nachhaltige-landwirtschaft-in-hessen","status":"publish","type":"post","link":"https:\/\/www.gruene-mkk.de\/pl\/nachhaltige-landwirtschaft-in-hessen\/","title":{"rendered":"Zr\u00f3wnowa\u017cone rolnictwo w Hesji"},"content":{"rendered":"<p>Og\u0142oszenie o mianowaniu: Czwartek 29 kwietnia o godz. 19:00, Digital Stammtisch der Gr\u00fcnen Biebergem\u00fcnd z Hansem-J\u00fcrgenem M\u00fcllerem, MdL<\/p>\n\n\n\n<!--more-->\n\n\n\n<p>Stowarzyszenie lokalne Biebergem\u00fcnde B\u00fcndnis 90\/Die Gr\u00fcnen serdecznie zaprasza na cyfrowy Zielony Okr\u0105g\u0142y St\u00f3\u0142 na temat \u201eZr\u00f3wnowa\u017cone rolnictwo w Hesji\u201d. Zielony Okr\u0105g\u0142y St\u00f3\u0142 jest wydarzeniem otwartym dla wszystkich zainteresowanych obywateli.<\/p>\n\n\n\n<p>Mamy przyjemno\u015b\u0107 powita\u0107 dzi\u015b wieczorem w heskim parlamencie Hansa-J\u00fcrgena M\u00fcllera, do\u015bwiadczonego rolnika ekologicznego i rzecznika ds. polityki rolnej Grupy Zielonych. Hans-J\u00fcrgen M\u00fcller intensywnie zajmuje si\u0119 kwesti\u0105, jakiej polityki rolnej potrzebujemy dla zr\u00f3wnowa\u017conego rolnictwa w Hesji oraz zwi\u0105zanymi z tym celami i wyzwaniami.<\/p>\n\n\n\n<p>Wi\u0119cej informacji na temat wydarzenia mo\u017cna znale\u017a\u0107 tutaj: <a rel=\"noreferrer noopener\" href=\"https:\/\/gruenlink.de\/2ijr?fbclid=IwAR04ulwRa50sgsJ29APz2BSPwFybLCgU5eZttpZML1x4_IG6iX6vIzApsBQ\" target=\"_blank\">https:\/\/gruenlink.de\/2ijr<\/a><\/p>","protected":false},"excerpt":{"rendered":"<p>Og\u0142oszenie o mianowaniu: Czwartek 29 kwietnia o godz. 19:00, Digital Stammtisch der Gr\u00fcnen Biebergem\u00fcnd z Hansem-J\u00fcrgenem M\u00fcllerem, MdL<\/p>","protected":false},"author":-1,"featured_media":0,"comment_status":"open","ping_status":"open","sticky":false,"template":"","format":"standard","meta":{"footnotes":""},"categories":[1],"tags":[],"class_list":["post-1033","post","type-post","status-publish","format-standard","hentry","category-allgemein"],"_links":{"self":[{"href":"https:\/\/www.gruene-mkk.de\/pl\/wp-json\/wp\/v2\/posts\/1033","targetHints":{"allow":["GET"]}}],"collection":[{"href":"https:\/\/www.gruene-mkk.de\/pl\/wp-json\/wp\/v2\/posts"}],"about":[{"href":"https:\/\/www.gruene-mkk.de\/pl\/wp-json\/wp\/v2\/types\/post"}],"author":[{"embeddable":true,"href":"https:\/\/www.gruene-mkk.de\/pl\/wp-json\/wp\/v2\/users\/2"}],"replies":[{"embeddable":true,"href":"https:\/\/www.gruene-mkk.de\/pl\/wp-json\/wp\/v2\/comments?post=1033"}],"version-history":[{"count":2,"href":"https:\/\/www.gruene-mkk.de\/pl\/wp-json\/wp\/v2\/posts\/1033\/revisions"}],"predecessor-version":[{"id":1035,"href":"https:\/\/www.gruene-mkk.de\/pl\/wp-json\/wp\/v2\/posts\/1033\/revisions\/1035"}],"wp:attachment":[{"href":"https:\/\/www.gruene-mkk.de\/pl\/wp-json\/wp\/v2\/media?parent=1033"}],"wp:term":[{"taxonomy":"category","embeddable":true,"href":"https:\/\/www.gruene-mkk.de\/pl\/wp-json\/wp\/v2\/categories?post=1033"},{"taxonomy":"post_tag","embeddable":true,"href":"https:\/\/www.gruene-mkk.de\/pl\/wp-json\/wp\/v2\/tags?post=1033"}],"curies":[{"name":"wp","href":"https:\/\/api.w.org\/{rel}","templated":true}]}}