{"id":1028,"date":"2022-04-19T12:00:00","date_gmt":"2022-04-19T10:00:00","guid":{"rendered":"https:\/\/www.gruene-mkk.de\/?p=1028"},"modified":"2022-04-19T11:29:26","modified_gmt":"2022-04-19T09:29:26","slug":"leben-und-wirken-wird-nicht-vergessen-werden","status":"publish","type":"post","link":"https:\/\/www.gruene-mkk.de\/pl\/leben-und-wirken-wird-nicht-vergessen-werden\/","title":{"rendered":"\u017bycie i praca nie zostan\u0105 zapomniane"},"content":{"rendered":"<p><em>Green Main-Kinzig komentuje \u015bmier\u0107 Ericha Pipy: \u201eJeden z najbardziej wp\u0142ywowych polityk\u00f3w w kr\u0119gu\u201d<\/em><\/p>\n\n\n\n<!--more-->\n\n\n\n<p>\"\u017bal nam jednego z najbardziej wp\u0142ywowych polityk\u00f3w w dystrykcie Main-Kinzig\", m\u00f3wi\u0105 kierownictwo grupy parlamentarnej i dyrektor dystryktu Zielonych Main-Kinzig, Reiner Bousonville, Viola Ha\u00dfdenteufel, Jakob M\u00e4hler i Ahmet Cetiner. \u201eWraz z Ericzem Pip\u0105 zmar\u0142a wielka osobisto\u015b\u0107 z dzielnicy Main-Kinzig. Dzi\u0119ki swoim niestrudzonym wysi\u0142kom zdecydowanie ukszta\u0142towa\u0142 dzielnic\u0119 Main-Kinzig\u201d.<\/p>\n\n\n\n<p>Wsp\u00f3\u0142praca z Ericzem Pip\u0105 zosta\u0142a doceniona nie tylko w czasach wsp\u00f3lnej koalicji: \u201eJako radny okr\u0119gu przemawia\u0142 na r\u00f3wnych prawach nie tylko ze swoimi, ale ze wszystkimi stronami. Dla niego wsp\u00f3\u0142praca by\u0142a wa\u017cna, z korzy\u015bci\u0105 dla mieszka\u0144c\u00f3w Main-Kinzig-Kreis\u201d. Nie zawaha\u0142 si\u0119 te\u017c wykaza\u0107 wyra\u017anej przewagi: \u201eTo, za co by\u0142 ceniony i szanowany, to opr\u00f3cz niestrudzonej pracy i po\u015bwi\u0119cenia, jego jasne stanowisko w sprawie wa\u017cnych wsp\u00f3\u0142czesnych wydarze\u0144\u201d.<\/p>\n\n\n\n<p>Przyk\u0142ady obejmuj\u0105 jego d\u0105\u017cenie do \u201epo prostu zadbania o osoby d\u0142ugotrwale bezrobotne w kr\u0119gu lub jego jasne stanowisko na rzecz lepszego przyjmowania, zakwaterowania i opieki nad uchod\u017acami. Zwolni\u0142 z powodu problem\u00f3w i przyzna\u0142 si\u0119 do nich nawet w obliczu gwa\u0142townych wiatr\u00f3w.<\/p>\n\n\n\n<p>Dzi\u0119ki temu Pipa uzyska\u0142a ponadpartyjne uznanie: \u201eZawsze doceniali\u015bmy wsp\u00f3\u0142prac\u0119 mi\u0119dzy Zielonymi a by\u0142ym Landratem. Erich Pipa by\u0142 mile widzianym go\u015bciem naszej grupy, gdy w Main-Kinzig-Kreis stali\u015bmy w obliczu wa\u017cnych decyzji lub chcieli\u015bmy wymieni\u0107 si\u0119 pomys\u0142ami na temat poszczeg\u00f3lnych priorytet\u00f3w.<\/p>\n\n\n\n<p>Musia\u0142 te\u017c pozna\u0107 ciemn\u0105 stron\u0119. Ze wzgl\u0119du na swoj\u0105 jasn\u0105 opini\u0119 otrzymywa\u0142 gro\u017aby \u015bmierci i wielokrotnie by\u0142 ofiar\u0105 wrogo\u015bci. Zamiast jednak wycofa\u0107 si\u0119, nadal broni\u0142 swojej opinii. To wyra\u017anie pokazuje kr\u0119gos\u0142up i ducha walki Ericha Pipy, kt\u00f3ry jako bardziej kontrowersyjny, ale zawsze jako uczciwy partner dyskusyjny chcia\u0142 osi\u0105gn\u0105\u0107, a tak\u017ce osi\u0105gn\u0105\u0107 sta\u0142\u0105 popraw\u0119 kr\u0119gu \"- powiedzia\u0142 zarz\u0105d okr\u0119gowej grupy parlamentarnej i zarz\u0105du okr\u0119gu.<\/p>\n\n\n\n<p>Obejmuje to r\u00f3wnie\u017c rozbudow\u0119 infrastruktury szerokopasmowej, kt\u00f3ra w tamtym czasie by\u0142a wyj\u0105tkowa w Niemczech pod tym wzgl\u0119dem: \u201eNiezwyk\u0142e by\u0142o, aby kr\u0105g po prostu stworzy\u0142 Internet dla przedsi\u0119biorstw i os\u00f3b prywatnych, i to dzi\u0119ki by\u0142emu zarz\u0105dcy powiatu, kt\u00f3ry zamiast czeka\u0107 na innych, wola\u0142 zaj\u0105\u0107 si\u0119 nim bezpo\u015brednio\u201d.<\/p>\n\n\n\n<p>Po\u0142o\u017cy\u0142 wiele fundament\u00f3w w kr\u0119gu i napisa\u0142 wiele historii sukcesu: \u201eCzy to w polityce spo\u0142ecznej, czy w rozwoju infrastruktury krajowej. W ci\u0105gu ostatnich kilku lat byli\u015bmy w stanie wykorzysta\u0107 te sukcesy i mo\u017cemy je wykorzysta\u0107 w przysz\u0142o\u015bci. \u017bycie i tw\u00f3rczo\u015b\u0107 Ericha Pipy nie zostan\u0105 zapomniane\", podsumowuje zarz\u0105d Kreistagsfraaktion i Kreisvorstand.<\/p>","protected":false},"excerpt":{"rendered":"<p>Green Main-Kinzig komentuje \u015bmier\u0107 Ericha Pipy: \u201eJeden z najbardziej wp\u0142ywowych polityk\u00f3w w kr\u0119gu\u201d<\/p>","protected":false},"author":-1,"featured_media":1029,"comment_status":"open","ping_status":"open","sticky":false,"template":"","format":"standard","meta":{"footnotes":""},"categories":[1,2],"tags":[],"class_list":["post-1028","post","type-post","status-publish","format-standard","has-post-thumbnail","hentry","category-allgemein","category-newskreistagsfraktion"],"_links":{"self":[{"href":"https:\/\/www.gruene-mkk.de\/pl\/wp-json\/wp\/v2\/posts\/1028","targetHints":{"allow":["GET"]}}],"collection":[{"href":"https:\/\/www.gruene-mkk.de\/pl\/wp-json\/wp\/v2\/posts"}],"about":[{"href":"https:\/\/www.gruene-mkk.de\/pl\/wp-json\/wp\/v2\/types\/post"}],"author":[{"embeddable":true,"href":"https:\/\/www.gruene-mkk.de\/pl\/wp-json\/wp\/v2\/users\/2"}],"replies":[{"embeddable":true,"href":"https:\/\/www.gruene-mkk.de\/pl\/wp-json\/wp\/v2\/comments?post=1028"}],"version-history":[{"count":1,"href":"https:\/\/www.gruene-mkk.de\/pl\/wp-json\/wp\/v2\/posts\/1028\/revisions"}],"predecessor-version":[{"id":1030,"href":"https:\/\/www.gruene-mkk.de\/pl\/wp-json\/wp\/v2\/posts\/1028\/revisions\/1030"}],"wp:featuredmedia":[{"embeddable":true,"href":"https:\/\/www.gruene-mkk.de\/pl\/wp-json\/wp\/v2\/media\/1029"}],"wp:attachment":[{"href":"https:\/\/www.gruene-mkk.de\/pl\/wp-json\/wp\/v2\/media?parent=1028"}],"wp:term":[{"taxonomy":"category","embeddable":true,"href":"https:\/\/www.gruene-mkk.de\/pl\/wp-json\/wp\/v2\/categories?post=1028"},{"taxonomy":"post_tag","embeddable":true,"href":"https:\/\/www.gruene-mkk.de\/pl\/wp-json\/wp\/v2\/tags?post=1028"}],"curies":[{"name":"wp","href":"https:\/\/api.w.org\/{rel}","templated":true}]}}