{"id":1023,"date":"2022-04-14T12:03:19","date_gmt":"2022-04-14T10:03:19","guid":{"rendered":"https:\/\/www.gruene-mkk.de\/?p=1023"},"modified":"2022-04-14T12:08:51","modified_gmt":"2022-04-14T10:08:51","slug":"gruene-main-kinzig-sprechen-ueber-waldschutz","status":"publish","type":"post","link":"https:\/\/www.gruene-mkk.de\/pl\/gruene-main-kinzig-sprechen-ueber-waldschutz\/","title":{"rendered":"Zielony Main-Kinzig m\u00f3wi o ochronie las\u00f3w"},"content":{"rendered":"<p>12 kwietnia 2022 r. przedstawiciele lokalnych stowarzysze\u0144 i grup parlamentarnych Zielonych w okr\u0119gu Main-Kinzig wymienili pogl\u0105dy online z Martin\u0105 Feldmayer, rzeczniczk\u0105 grupy parlamentarnej Zielonych ds. ochrony \u015brodowiska i klimatu, na temat ochrony las\u00f3w w Hesji.<\/p>\n\n\n\n<p>Podczas swojego udzia\u0142u w rz\u0105dzie, Zieloni z Hesji osi\u0105gn\u0119li wiele dla ochrony las\u00f3w Hesji, takich jak docelowy odsetek las\u00f3w naturalnych do 10.% zwi\u0119kszenie, certyfikacja las\u00f3w heskich FSC i silniejsza ochrona Bannwald.<\/p>\n\n\n\n<p>Aby osi\u0105gn\u0105\u0107 cele na poziomie kraj\u00f3w zwi\u0105zkowych, nale\u017cy r\u00f3wnie\u017c wspiera\u0107 ochron\u0119 las\u00f3w na szczeblu gminnym. Pos\u0142owie do parlamentu pa\u0144stwowego udzielili przydatnych wskaz\u00f3wek i argument\u00f3w, za pomoc\u0105 kt\u00f3rych nasi lokalni politycy mog\u0105 sk\u0142ada\u0107 wnioski o ochron\u0119 las\u00f3w.<\/p>\n\n\n\n<p><\/p>","protected":false},"excerpt":{"rendered":"<p>12 kwietnia 2022 r. przedstawiciele lokalnych stowarzysze\u0144 i grup parlamentarnych Zielonych w dzielnicy Main-Kinzig wymienili pogl\u0105dy online z Martin\u0105 Feldmayer, rzeczniczk\u0105 ds. ochrony \u015brodowiska i klimatu [...]<\/p>","protected":false},"author":-1,"featured_media":0,"comment_status":"open","ping_status":"open","sticky":false,"template":"","format":"standard","meta":{"footnotes":""},"categories":[1,4],"tags":[],"class_list":["post-1023","post","type-post","status-publish","format-standard","hentry","category-allgemein","category-newsortsverbaende"],"_links":{"self":[{"href":"https:\/\/www.gruene-mkk.de\/pl\/wp-json\/wp\/v2\/posts\/1023","targetHints":{"allow":["GET"]}}],"collection":[{"href":"https:\/\/www.gruene-mkk.de\/pl\/wp-json\/wp\/v2\/posts"}],"about":[{"href":"https:\/\/www.gruene-mkk.de\/pl\/wp-json\/wp\/v2\/types\/post"}],"author":[{"embeddable":true,"href":"https:\/\/www.gruene-mkk.de\/pl\/wp-json\/wp\/v2\/users\/2"}],"replies":[{"embeddable":true,"href":"https:\/\/www.gruene-mkk.de\/pl\/wp-json\/wp\/v2\/comments?post=1023"}],"version-history":[{"count":2,"href":"https:\/\/www.gruene-mkk.de\/pl\/wp-json\/wp\/v2\/posts\/1023\/revisions"}],"predecessor-version":[{"id":1026,"href":"https:\/\/www.gruene-mkk.de\/pl\/wp-json\/wp\/v2\/posts\/1023\/revisions\/1026"}],"wp:attachment":[{"href":"https:\/\/www.gruene-mkk.de\/pl\/wp-json\/wp\/v2\/media?parent=1023"}],"wp:term":[{"taxonomy":"category","embeddable":true,"href":"https:\/\/www.gruene-mkk.de\/pl\/wp-json\/wp\/v2\/categories?post=1023"},{"taxonomy":"post_tag","embeddable":true,"href":"https:\/\/www.gruene-mkk.de\/pl\/wp-json\/wp\/v2\/tags?post=1023"}],"curies":[{"name":"wp","href":"https:\/\/api.w.org\/{rel}","templated":true}]}}