{"id":1014,"date":"2022-04-08T14:00:41","date_gmt":"2022-04-08T12:00:41","guid":{"rendered":"https:\/\/www.gruene-mkk.de\/?p=1014"},"modified":"2022-04-08T14:09:33","modified_gmt":"2022-04-08T12:09:33","slug":"wiederwahl-zum-ersten-stadtrat","status":"publish","type":"post","link":"https:\/\/www.gruene-mkk.de\/pl\/wiederwahl-zum-ersten-stadtrat\/","title":{"rendered":"Ponowny wyb\u00f3r do pierwszej rady miasta"},"content":{"rendered":"<p>Gratulujemy Rainerowi Vogelowi ponownego wyboru na pierwszego radnego miasta Nidderau!<\/p>\n\n\n\n<!--more-->\n\n\n\n<p>7 kwietnia 2022 r. Rada Miasta Nidderau potwierdzi\u0142a, \u017ce pierwszym radnym miasta jest in\u017cynier rolnictwa i cz\u0142onek Partii Zielonych Rainer Vogel. Dzia\u0142a jako radny miasta od 2016 r. i jest obecnie jedynym pe\u0142noetatowym politykiem Zielonych w dzielnicy Main-Kinzig. Opr\u00f3cz pracy jako radny miasta jest cz\u0142onkiem Grupy Parlamentarnej Dzielnicy Zielonych, gdzie zajmuje si\u0119 g\u0142\u00f3wnie ochron\u0105 \u015brodowiska i rolnictwem.<\/p>\n\n\n\n<p>Hrabstwo jest zadowolone z reelekcji. Dzi\u0119kujemy Rainerowi Vogelowi za jego prac\u0119 i \u017cyczymy mu wszystkiego najlepszego i wielu sukces\u00f3w!<\/p>","protected":false},"excerpt":{"rendered":"<p>Gratulujemy Rainerowi Vogelowi ponownego wyboru na pierwszego radnego miasta Nidderau!<\/p>","protected":false},"author":-1,"featured_media":1015,"comment_status":"open","ping_status":"open","sticky":false,"template":"","format":"standard","meta":{"footnotes":""},"categories":[4],"tags":[],"class_list":["post-1014","post","type-post","status-publish","format-standard","has-post-thumbnail","hentry","category-newsortsverbaende"],"_links":{"self":[{"href":"https:\/\/www.gruene-mkk.de\/pl\/wp-json\/wp\/v2\/posts\/1014","targetHints":{"allow":["GET"]}}],"collection":[{"href":"https:\/\/www.gruene-mkk.de\/pl\/wp-json\/wp\/v2\/posts"}],"about":[{"href":"https:\/\/www.gruene-mkk.de\/pl\/wp-json\/wp\/v2\/types\/post"}],"author":[{"embeddable":true,"href":"https:\/\/www.gruene-mkk.de\/pl\/wp-json\/wp\/v2\/users\/2"}],"replies":[{"embeddable":true,"href":"https:\/\/www.gruene-mkk.de\/pl\/wp-json\/wp\/v2\/comments?post=1014"}],"version-history":[{"count":3,"href":"https:\/\/www.gruene-mkk.de\/pl\/wp-json\/wp\/v2\/posts\/1014\/revisions"}],"predecessor-version":[{"id":1018,"href":"https:\/\/www.gruene-mkk.de\/pl\/wp-json\/wp\/v2\/posts\/1014\/revisions\/1018"}],"wp:featuredmedia":[{"embeddable":true,"href":"https:\/\/www.gruene-mkk.de\/pl\/wp-json\/wp\/v2\/media\/1015"}],"wp:attachment":[{"href":"https:\/\/www.gruene-mkk.de\/pl\/wp-json\/wp\/v2\/media?parent=1014"}],"wp:term":[{"taxonomy":"category","embeddable":true,"href":"https:\/\/www.gruene-mkk.de\/pl\/wp-json\/wp\/v2\/categories?post=1014"},{"taxonomy":"post_tag","embeddable":true,"href":"https:\/\/www.gruene-mkk.de\/pl\/wp-json\/wp\/v2\/tags?post=1014"}],"curies":[{"name":"wp","href":"https:\/\/api.w.org\/{rel}","templated":true}]}}