{"id":909,"date":"2022-02-18T14:31:07","date_gmt":"2022-02-18T13:31:07","guid":{"rendered":"https:\/\/www.gruene-mkk.de\/?p=909"},"modified":"2022-02-18T14:31:09","modified_gmt":"2022-02-18T13:31:09","slug":"am-radverkehrskonzept-beteiligen","status":"publish","type":"post","link":"https:\/\/www.gruene-mkk.de\/it\/am-radverkehrskonzept-beteiligen\/","title":{"rendered":"Partecipa al concetto di ciclismo"},"content":{"rendered":"<p><strong>Gruppo parlamentare verde: Partecipare a un sondaggio online sulle azioni \/ le parole devono seguire le azioni<\/strong><\/p>\n\n\n\n<!--more-->\n\n\n\n<p>Il gruppo verde invita i cittadini del distretto a partecipare alla votazione online sul concetto di ciclismo: \"Fino alla fine di febbraio, ci sar\u00e0 l'opportunit\u00e0 di valutare e commentare le circa 300 misure\", afferma Bernd Wietzorek, membro della commissione per i trasporti e l'ambiente.<\/p>\n\n\n\n<p>Per Wietzorek, \"\u00e8 chiaro che la mobilit\u00e0 cambier\u00e0 nei prossimi anni. La bicicletta diventer\u00e0 sempre pi\u00f9 importante.\" Negli ultimi anni \u00e8 diventato chiaro \"che abbiamo ancora molto margine di miglioramento qui nel distretto. La Grande coalizione nel cerchio adotta ancora un approccio matrigna alla bicicletta invece di mostrare una volont\u00e0 concreta di attuarla.\" Per questo motivo il gruppo \u00e8 ora lieto della partecipazione dei cittadini: \"I primi giorni hanno dimostrato che molte persone sono interessate a partecipare attivamente a una vasta rete di piste ciclabili nel distretto.\"<\/p>\n\n\n\n<p>Le valutazioni sul portale online danno priorit\u00e0 alle proposte di misure elaborate dall'ufficio di pianificazione \"RV-K\" di Francoforte. Inoltre, c'\u00e8 una descrizione e le immagini per ogni proposta. Fino al 28 febbraio, le misure possono essere <a href=\"http:\/\/www.radverkehrskonzept-mkk.de\">www.radverkehrskonzept-mkk.de<\/a> da votare.<\/p>\n\n\n\n<p>\"Come Verdi, avevamo gi\u00e0 chiesto un concetto di pista ciclabile nel 2017\", spiega Wietzorek. \u00abLa prima versione, che \u00e8 stata successivamente elaborata dal circolo, conteneva 90 misure, di cui finora non sono state attuate misure\u00bb. \u00c8 stato poi commissionato un secondo approccio olistico: \"Speriamo che il grande annuncio del cerchio per creare un concetto olistico di ciclismo non solo rimanga un annuncio, ma che i suggerimenti e i voti dei cittadini portino anche a ordini concreti di azione e misure di costruzione\".<\/p>\n\n\n\n<p>Con numerose azioni, i Verdi nel distretto e nei comuni stanno gi\u00e0 sostenendo il cambiamento concreto nei trasporti: \"Tra l'altro, si \u00e8 tenuto un evento congiunto con le associazioni locali di Biebergem\u00fcnd, W\u00e4chtersbach e Bad Orb con Karin M\u00fcller, vicepresidente del Landtag, sulla transizione dei trasporti in Assia. L\u00ec sono state discusse numerose possibilit\u00e0 per promuovere un cambiamento sul campo verso una mobilit\u00e0 rispettosa del clima. Sosteniamo inoltre il referendum \"Verkehrswende in Hessen\" del VCD Hessen, che \u00e8 in corso <a href=\"http:\/\/www.verkehrswende-hessen.de\">www.verkehrswende-hessen.de<\/a> possono essere firmate\u00bb.<\/p>\n\n\n\n<p>Per l'attuazione concreta, la Grande Coalizione deve anche riconsiderare fondamentalmente la somma preventivata di 300.000 euro: \"Nonostante le sovvenzioni dello Stato e del governo federale, il Main-Kinzig-Kreis non potr\u00e0 evitare di spendere denaro per misure nel settore delle piste ciclabili. Con la quantit\u00e0 impostata in famiglia, grandi salti non sono possibili. Ora ci aspettiamo che gli annunci siano seguiti da azioni\", ha concluso Wietzorek.<\/p>\n\n\n\n<p><\/p>\n\n\n\n<hr class=\"wp-block-separator\"\/>\n\n\n\n<p>Richieste di informazioni:<\/p>\n\n\n\n<p>Jakob M\u00e4hler<br>Amministratore delegato del gruppo<br>Alleanza 90 \/ I Verdi Main-Kinzig<br>06181\/61596<br>0176\/46763336<br>fraktion@gruene-mkk.de<\/p>","protected":false},"excerpt":{"rendered":"<p>Gruppo parlamentare verde: Partecipare a un sondaggio online sulle azioni \/ le parole devono seguire le azioni<\/p>","protected":false},"author":-1,"featured_media":0,"comment_status":"open","ping_status":"open","sticky":false,"template":"","format":"standard","meta":{"footnotes":""},"categories":[2],"tags":[],"class_list":["post-909","post","type-post","status-publish","format-standard","hentry","category-newskreistagsfraktion"],"_links":{"self":[{"href":"https:\/\/www.gruene-mkk.de\/it\/wp-json\/wp\/v2\/posts\/909","targetHints":{"allow":["GET"]}}],"collection":[{"href":"https:\/\/www.gruene-mkk.de\/it\/wp-json\/wp\/v2\/posts"}],"about":[{"href":"https:\/\/www.gruene-mkk.de\/it\/wp-json\/wp\/v2\/types\/post"}],"author":[{"embeddable":true,"href":"https:\/\/www.gruene-mkk.de\/it\/wp-json\/wp\/v2\/users\/5"}],"replies":[{"embeddable":true,"href":"https:\/\/www.gruene-mkk.de\/it\/wp-json\/wp\/v2\/comments?post=909"}],"version-history":[{"count":1,"href":"https:\/\/www.gruene-mkk.de\/it\/wp-json\/wp\/v2\/posts\/909\/revisions"}],"predecessor-version":[{"id":910,"href":"https:\/\/www.gruene-mkk.de\/it\/wp-json\/wp\/v2\/posts\/909\/revisions\/910"}],"wp:attachment":[{"href":"https:\/\/www.gruene-mkk.de\/it\/wp-json\/wp\/v2\/media?parent=909"}],"wp:term":[{"taxonomy":"category","embeddable":true,"href":"https:\/\/www.gruene-mkk.de\/it\/wp-json\/wp\/v2\/categories?post=909"},{"taxonomy":"post_tag","embeddable":true,"href":"https:\/\/www.gruene-mkk.de\/it\/wp-json\/wp\/v2\/tags?post=909"}],"curies":[{"name":"wp","href":"https:\/\/api.w.org\/{rel}","templated":true}]}}