{"id":902,"date":"2022-02-11T14:18:04","date_gmt":"2022-02-11T13:18:04","guid":{"rendered":"https:\/\/www.gruene-mkk.de\/?p=902"},"modified":"2022-02-11T14:18:04","modified_gmt":"2022-02-11T13:18:04","slug":"holger-fischer-als-rechtlicher-betreuer-nicht-mehr-tragbar","status":"publish","type":"post","link":"https:\/\/www.gruene-mkk.de\/it\/holger-fischer-als-rechtlicher-betreuer-nicht-mehr-tragbar\/","title":{"rendered":"Holger Fischer non \u00e8 pi\u00f9 accettabile come consulente legale"},"content":{"rendered":"<p><strong>I casi di assistenza devono essere ritirati \/ gioia per la sentenza del Tribunale regionale superiore di Francoforte<\/strong><em> \u00a0<\/em><\/p>\n\n\n\n<!--more-->\n\n\n\n<p>\"Siamo lieti della chiara sentenza del tribunale regionale superiore di Francoforte contro il pensatore laterale locale Imke Otto\", afferma la commissione parlamentare dei Verdi Main-Kinzig, Reiner Bousonville, Viola Ha\u00dfdenteufel e Jakob M\u00e4hler. Mercoled\u00ec scorso, l'Alta Corte regionale ha respinto le ingiunzioni preliminari dell'iniziatore di \"Allianz pro Grundgesetz\" per presunte dichiarazioni diffamatorie contro i presidenti dell'associazione \"Hand aufs Herz\", Julia Hott e Alex Schopbach: \u00abCi\u00f2 dimostra chiaramente che la giurisdizione \u00e8 anche alla base delle parole chiare che sono necessarie in questi tempi\u00bb.<\/p>\n\n\n\n<p>La successiva dichiarazione del gruppo di pensatori laterali secondo cui il giudice l\u2019aveva dichiarata \u00absenza uccelli\u00bb era spaventosa: \"Questo dimostra ancora una volta la distorsione dei fatti e l'incorporazione della storia e del simbolismo, caratteristica del gruppo di pensatori laterali \"Alliance pro Grundgesetz\"\", ha affermato l'esecutivo del gruppo parlamentare.<\/p>\n\n\n\n<p>Nelle regolari manifestazioni contro le misure corona, anche l'avvocato di Hanau Holger Fischer prende il comando. Il gruppo parlamentare distrettuale sta ora reagendo con grande allarme a un rapporto dell'Assia, secondo il quale Fischer avrebbe rifiutato le necessarie vaccinazioni contro il coronavirus a due persone a lui affidate per cure legali.<\/p>\n\n\n\n<p>Fischer \u00e8 stato commissionato per molti anni dal tribunale distrettuale di Hanau e dall'autorit\u00e0 amministrativa del distretto come tutore legale per gli adulti che non sono in grado o non sono pi\u00f9 in grado di svolgere le loro transazioni legali personali in modo indipendente e indipendente. Secondo la relazione dell'Assia, \u00e8 attualmente l'unico responsabile legale per 79 casi di assistenza, per i quali ha un'alta responsabilit\u00e0 come tutore legale e deve sempre tenere conto del benessere dei suoi clienti attraverso contatti permanenti e regolari.<\/p>\n\n\n\n<p>\"Il fatto di affidare 79 persone nel distretto Main-Kinzig all'avvocato di Hanau Holger Fischer, che \u00e8 una delle menti principali nel movimento dei pensatori laterali nell'area Reno-Meno ed \u00e8 stato notato a causa di casi di influenza vaccinale, deve essere fondamentalmente messo in discussione\", hanno detto Bousonville, Ha\u00dfdenteufel e M\u00e4hler.<\/p>\n\n\n\n<p>Secondo la relazione Hessenschau, Fischer ha circa 26 000 follower a Telegram e parla della vaccinazione contro il coronavirus del \"genocidio\" e chiede che lo Stato \"lamenti\". L'avvocato ha scritto su Telegram sui politici: \"O ci avete gi\u00e0 uccisi con le vostre azioni e le vostre iniezioni, o ne siete diventati voi stessi la vittima. Direttamente o indirettamente\u00bb.&nbsp;<\/p>\n\n\n\n<p>\"Queste dichiarazioni sono inaccettabili per un avvocato che si prende cura di 79 persone\", ha detto l'ufficio di presidenza del gruppo. \"Anche se \u00e8 positivo che il tribunale distrettuale di Hanau abbia deciso di non assegnare a Fischer nuovi mandati per il sostegno legale, \u00e8 imperativo che il tribunale distrettuale e distrettuale fornisca una soluzione ai mandati di sostegno ancora esistenti e stabilisca se ci sono stati e ci sono ancora altri casi di controllo delle vaccinazioni. La dichiarazione del distretto secondo cui Fischer non dovrebbe pi\u00f9 essere proposto come consulente professionale non \u00e8 sufficiente in questo caso.\" Il gruppo Verde sostiene la dichiarazione del sindaco di Hanau, Claus Kaminsky, di riferire il caso all'ordine degli avvocati e, se necessario, di presentare un reclamo contro Fischer se non \u00e8 ancora stato presentato: \u00abSi tratta di parole chiare che il cerchio qui manca ancora una volta in relazione alle attivit\u00e0 dei pensatori laterali\u00bb.&nbsp;&nbsp;<\/p>\n\n\n\n<p>Per il dirigente del gruppo, l'assistenza sanitaria responsabile non sembra pi\u00f9 esistere nei casi di assistenza dell'avvocato Fischer, che si basa sulla sua persona e sulla gestione dei compiti assegnatigli per il tribunale di assistenza: \u00abIn questo caso, vi \u00e8 la possibilit\u00e0 di chiedere il controllo. Ci\u00f2 dovrebbe essere richiesto non solo dalle persone sorvegliate e dai loro parenti, ma soprattutto dal tribunale di controllo competente in collaborazione con l'autorit\u00e0 di controllo del distretto. Devono garantire che i casi di assistenza in corso siano ritirati in modo che le persone vulnerabili e dipendenti siano sempre ben curate e incluse nella decisione di vaccinazione, tenendo conto del loro libero arbitrio. Ma probabilmente sarebbe meglio trovare nuovi assistenti per le quasi 80 persone il prima possibile\", conclude Bousonville, Ha\u00dfdenteufel e M\u00e4hler.<\/p>","protected":false},"excerpt":{"rendered":"<p>I casi di assistenza devono essere ritirati \/ gioia per la sentenza del Tribunale regionale superiore di Francoforte \u00a0<\/p>","protected":false},"author":-1,"featured_media":770,"comment_status":"open","ping_status":"open","sticky":false,"template":"","format":"standard","meta":{"footnotes":""},"categories":[2],"tags":[],"class_list":["post-902","post","type-post","status-publish","format-standard","has-post-thumbnail","hentry","category-newskreistagsfraktion"],"_links":{"self":[{"href":"https:\/\/www.gruene-mkk.de\/it\/wp-json\/wp\/v2\/posts\/902","targetHints":{"allow":["GET"]}}],"collection":[{"href":"https:\/\/www.gruene-mkk.de\/it\/wp-json\/wp\/v2\/posts"}],"about":[{"href":"https:\/\/www.gruene-mkk.de\/it\/wp-json\/wp\/v2\/types\/post"}],"author":[{"embeddable":true,"href":"https:\/\/www.gruene-mkk.de\/it\/wp-json\/wp\/v2\/users\/5"}],"replies":[{"embeddable":true,"href":"https:\/\/www.gruene-mkk.de\/it\/wp-json\/wp\/v2\/comments?post=902"}],"version-history":[{"count":1,"href":"https:\/\/www.gruene-mkk.de\/it\/wp-json\/wp\/v2\/posts\/902\/revisions"}],"predecessor-version":[{"id":903,"href":"https:\/\/www.gruene-mkk.de\/it\/wp-json\/wp\/v2\/posts\/902\/revisions\/903"}],"wp:featuredmedia":[{"embeddable":true,"href":"https:\/\/www.gruene-mkk.de\/it\/wp-json\/wp\/v2\/media\/770"}],"wp:attachment":[{"href":"https:\/\/www.gruene-mkk.de\/it\/wp-json\/wp\/v2\/media?parent=902"}],"wp:term":[{"taxonomy":"category","embeddable":true,"href":"https:\/\/www.gruene-mkk.de\/it\/wp-json\/wp\/v2\/categories?post=902"},{"taxonomy":"post_tag","embeddable":true,"href":"https:\/\/www.gruene-mkk.de\/it\/wp-json\/wp\/v2\/tags?post=902"}],"curies":[{"name":"wp","href":"https:\/\/api.w.org\/{rel}","templated":true}]}}