{"id":900,"date":"2022-02-11T10:41:04","date_gmt":"2022-02-11T09:41:04","guid":{"rendered":"https:\/\/www.gruene-mkk.de\/?p=900"},"modified":"2024-09-05T14:45:15","modified_gmt":"2024-09-05T12:45:15","slug":"schnellstmoeglich-umfassende-digitale-loesung-schaffen","status":"publish","type":"post","link":"https:\/\/www.gruene-mkk.de\/it\/schnellstmoeglich-umfassende-digitale-loesung-schaffen\/","title":{"rendered":"Crea una soluzione digitale completa il pi\u00f9 rapidamente possibile"},"content":{"rendered":"<p><strong>Il tracciamento dei contatti e la segnalazione dei casi di corona nelle scuole funziona ancora in modo analogo in molti luoghi<\/strong><\/p>\n\n\n\n<!--more-->\n\n\n\n<p>\"Le scuole del distretto di Main-Kinzig devono essere digitalizzate pi\u00f9 rapidamente per affrontare meglio le sfide della pandemia di coronavirus con tutte le sue varianti e i loro effetti collaterali\", afferma Matthias Zach, portavoce per la politica educativa del gruppo parlamentare verde nel distretto di Main-Kinzig. Lo sfondo della richiesta dei Verdi sono i moduli ancora da compilare a mano per il tracciamento dei contatti e la segnalazione dei casi di coronavirus.<\/p>\n\n\n\n<p>\"Il monitoraggio globale e il sistema di comunicazione sono e rimarranno importanti\", chiarisce Zach. Non \u00e8 pi\u00f9 aggiornato se tali rapporti non possono essere resi disponibili digitalmente all'autorit\u00e0 sanitaria nel distretto di Main-Kinzig: \"Nella situazione attuale di infezione, tali ostacoli devono essere rimossi il pi\u00f9 rapidamente possibile, anche per essere in grado di mantenere il funzionamento dell'amministrazione distrettuale in altre aree\". Questo \u00e8 anche cruciale per i compiti futuri.<\/p>\n\n\n\n<p>Qui Zach non vede le scuole, ma il proprietario della scuola nella responsabilit\u00e0: \"Purtroppo, l'offensiva di digitalizzazione lanciata non ha ancora raggiunto un livello globale in molte aule del circolo. Oltre alle lavagne bianche e alle classi di iPad, ci\u00f2 include anche la digitalizzazione del tracciamento e della segnalazione dei casi di coronavirus nella rete di classi.\" Ci\u00f2 sta gi\u00e0 fallendo presso l'ufficio sanitario, che non pu\u00f2 elaborare tali informazioni digitali: \"L'autorit\u00e0 sanitaria e le scuole, in particolare le segreterie scolastiche, devono disporre delle condizioni per registrare digitalmente e utilizzare le relazioni ricevute ogni giorno.\"<\/p>\n\n\n\n<p>Ci\u00f2 allevierebbe anche i dirigenti scolastici e gli insegnanti che hanno uno sforzo elevato con il tracciamento dei contatti ancora analogico. Zach invita quindi il cerchio a \"creare al pi\u00f9 presto questa ulteriore soluzione digitale\". Ci\u00f2 che \u00e8 possibile digitalmente nel campo dello screening dei denti dei bambini nelle scuole e negli asili nido, deve essere urgentemente esteso alle segnalazioni di persone infette da coronavirus. \"La pandemia ha dimostrato chiaramente le debolezze materiali e qualitative dell'infrastruttura digitale nel distretto di Main-Kinzig. Questi includono il lavoro nelle autorit\u00e0 sanitarie, le possibilit\u00e0 di lavorare da casa e l'insegnamento a casa \", ha detto il portavoce per la politica dell'istruzione.<\/p>\n\n\n\n<p>\"Gli sforzi per rendere il distretto Main-Kinzig completamente digitale in tutte le aree e non solo per consentire l'internet veloce per tutti, ma anche per utilizzarlo in modo ragionevole e risparmiando lavoro, devono preservare l'impulso che avevano ai tempi della coalizione dei Verdi insieme all'SPD e agli elettori liberi e sotto Landrat Erich Pipa. Purtroppo, il pieno potenziale \u00e8 affrontato troppo lentamente dagli attuali decisori e quindi non pienamente sfruttato\", conclude Zach.<\/p>\n\n\n\n<hr class=\"wp-block-separator\"\/>\n\n\n\n<p>Richieste di informazioni:<\/p>\n\n\n\n<p>Jakob M\u00e4hler<br>Amministratore delegato del gruppo<br>Alleanza 90 \/ I Verdi Main-Kinzig<\/p>\n\n\n\n<p>06181\/61596<br>0176\/46763336<\/p>\n\n\n\n<p>fraktion@gruene-mkk.de<\/p>","protected":false},"excerpt":{"rendered":"<p>Il tracciamento dei contatti e la segnalazione dei casi di corona nelle scuole funziona ancora in modo analogo in molti luoghi<\/p>","protected":false},"author":-1,"featured_media":0,"comment_status":"open","ping_status":"open","sticky":false,"template":"","format":"standard","meta":{"footnotes":""},"categories":[2],"tags":[],"class_list":["post-900","post","type-post","status-publish","format-standard","hentry","category-newskreistagsfraktion"],"_links":{"self":[{"href":"https:\/\/www.gruene-mkk.de\/it\/wp-json\/wp\/v2\/posts\/900","targetHints":{"allow":["GET"]}}],"collection":[{"href":"https:\/\/www.gruene-mkk.de\/it\/wp-json\/wp\/v2\/posts"}],"about":[{"href":"https:\/\/www.gruene-mkk.de\/it\/wp-json\/wp\/v2\/types\/post"}],"author":[{"embeddable":true,"href":"https:\/\/www.gruene-mkk.de\/it\/wp-json\/wp\/v2\/users\/5"}],"replies":[{"embeddable":true,"href":"https:\/\/www.gruene-mkk.de\/it\/wp-json\/wp\/v2\/comments?post=900"}],"version-history":[{"count":1,"href":"https:\/\/www.gruene-mkk.de\/it\/wp-json\/wp\/v2\/posts\/900\/revisions"}],"predecessor-version":[{"id":901,"href":"https:\/\/www.gruene-mkk.de\/it\/wp-json\/wp\/v2\/posts\/900\/revisions\/901"}],"wp:attachment":[{"href":"https:\/\/www.gruene-mkk.de\/it\/wp-json\/wp\/v2\/media?parent=900"}],"wp:term":[{"taxonomy":"category","embeddable":true,"href":"https:\/\/www.gruene-mkk.de\/it\/wp-json\/wp\/v2\/categories?post=900"},{"taxonomy":"post_tag","embeddable":true,"href":"https:\/\/www.gruene-mkk.de\/it\/wp-json\/wp\/v2\/tags?post=900"}],"curies":[{"name":"wp","href":"https:\/\/api.w.org\/{rel}","templated":true}]}}