{"id":886,"date":"2022-02-01T16:22:33","date_gmt":"2022-02-01T15:22:33","guid":{"rendered":"https:\/\/www.gruene-mkk.de\/?p=886"},"modified":"2022-02-01T16:22:33","modified_gmt":"2022-02-01T15:22:33","slug":"situation-unnoetig-verschaerft","status":"publish","type":"post","link":"https:\/\/www.gruene-mkk.de\/it\/situation-unnoetig-verschaerft\/","title":{"rendered":"Situazione inutilmente aggravata"},"content":{"rendered":"<p><strong>Gruppo parlamentare verde: Erlensee ha urgente bisogno di prendere sul serio la nuova scuola elementare \/ preoccupazioni a Gro\u00dfkrotzenburg<\/strong><\/p>\n\n\n\n<!--more-->\n\n\n\n<p>\"Il dibattito sullo sviluppo scolastico nel distretto di Main-Kinzig che ha prevalso per mesi e la mancanza di una risposta da parte della Grande Coalizione sotto forma di un piano di sviluppo scolastico adottato hanno inutilmente esacerbato la situazione in Erlensee e Gro\u00dfkrotzenburg\", afferma Matthias Zach, portavoce per la politica dell'istruzione per il gruppo parlamentare verde nel distretto di Main-Kinzig. Attualmente mancano capacit\u00e0 nel settore della scuola primaria a Erlensee e Gro\u00dfkrotzenburg. \"La situazione peggiorer\u00e0 nei prossimi anni.\"<\/p>\n\n\n\n<p>Una soluzione da parte del Main-Kinzig-Kreis \"non \u00e8 stata avanzata secondo il nostro attuale stato delle conoscenze. Invece di presentare proposte concrete di soluzioni pubblicamente e prendere decisioni il pi\u00f9 rapidamente possibile, il cerchio, come scrive, si impegna solo in \"discussioni intensive\", afferma Zach. \"Tuttavia, la costruzione di una nuova scuola primaria non sar\u00e0 completata in poche settimane e l'ampliamento della scuola Erlense presso l'Eulenhof, di cui si \u00e8 discusso, non passer\u00e0 da un giorno all'altro\". Ora \u00e8 prevedibile quando e quanto sar\u00e0 elevata la domanda nei prossimi anni.<\/p>\n\n\n\n<p>\"Di solito, un piano di sviluppo scolastico fornisce queste risposte e mostra al consiglio distrettuale misure concrete per i prossimi anni\", afferma Renate Tonecker-B\u00f6s, membro del consiglio distrettuale di Erlense. Il piano di sviluppo scolastico da adottare per gli anni a partire dal 2021 \u00e8 indebitato da oltre un anno, Winfried Ottmann, dopo che la prima versione \u00e8 stata respinta a causa di errori di contenuto delle politiche scolastiche, numeri e omissioni errati, nonch\u00e9 errori di ortografia e formattazione nel consiglio distrettuale. \"Questa mancanza di prospettive e la conseguente inazione nel contesto dello sviluppo scolastico devono ora fare il bagno agli alunni e in particolare ai genitori a Erlensee, se non ci sono pi\u00f9 abbastanza posti per la scuola primaria. Poich\u00e9 nei prossimi due o tre anni saranno necessari fino a tre nuovi treni di classe.\" Fino a quando non ci sar\u00e0 un collo di bottiglia, \u00e8 solo una questione di tempo, afferma Tonecker-B\u00f6s.<\/p>\n\n\n\n<p>Lo stesso problema pu\u00f2 ora essere visto altrove. \"Non solo a Erlensee, ma anche nella scuola primaria di Gro\u00dfkrotzenburg, i posti stanno lentamente diventando scarsi\", afferma Lucas B\u00e4uml, candidato sindaco verde per Gro\u00dfkrotzenburg. L\u00ec, il numero di famiglie che esercitano il loro diritto legale all'assistenza a tempo pieno aumenter\u00e0 dagli attuali 30 a circa 150 nel 2029: \"Ci\u00f2 significa che anche le capacit\u00e0 esistenti devono essere rafforzate. Mi manca chiaramente un sostegno orientato alla soluzione del comune da parte del Main-Kinzig-Kreis come promotore scolastico\", B\u00e4uml guarda con preoccupazione al precedente atteggiamento del distretto secondo cui le aule esistenti sarebbero sufficienti per l'attuazione dell'assistenza scolastica.<\/p>\n\n\n\n<p>Il gruppo parlamentare distrettuale ha quindi presentato un catalogo di domande al Main-Kinzig-Kreis. \"Vorremmo sapere, tra le altre cose, da quanto tempo il debitore \u00e8 a conoscenza della mancanza di domanda in Erlensee e Gro\u00dfkrotzenburg e quali passi concreti sono stati compiuti da allora\", ha detto Zach. \"Inoltre, vorremmo una dichiarazione concreta da parte dell'amministrazione su quando le nuove scuole primarie potrebbero essere completate e quale soluzione c'\u00e8 da parte dell'esattore dei debiti se un nuovo edificio non dovesse essere realizzato in tempo\".<\/p>\n\n\n\n<p>Il gruppo parlamentare distrettuale solleva anche la questione del piano di sviluppo scolastico: \"Vorremmo sapere quando ci\u00f2 sar\u00e0 finalmente presentato agli organi competenti per una consulenza e se saranno promossi ulteriori nuovi edifici oltre alla scuola primaria di Erlensee.\"<\/p>\n\n\n\n<p>Questi non sono gli unici argomenti su cui il cerchio attualmente non fa dichiarazioni. \"Pertanto, l'attrezzatura per le scuole per tutto il giorno decisa dal consiglio distrettuale \u00e8 anche<\/p>\n\n\n\n<p>con una caffetteria e l'ampliamento dell'offerta di ginnastica nel Westkreis parte del nostro ampio catalogo di domande. Speriamo che questo fornir\u00e0 le risposte tanto necessarie alle domande attuali nella pianificazione dello sviluppo scolastico del distretto \", conclude Zach.<\/p>\n\n\n\n<hr class=\"wp-block-separator\"\/>\n\n\n\n<p>Richieste di informazioni:<\/p>\n\n\n\n<p>Jakob M\u00e4hler<br>Amministratore delegato del gruppo<br>Alleanza 90 \/ I Verdi Main-Kinzig<\/p>\n\n\n\n<p>06181\/61596<br>0176\/46763336<\/p>\n\n\n\n<p>fraktion@gruene-mkk.de<\/p>","protected":false},"excerpt":{"rendered":"<p>Gruppo parlamentare verde: Erlensee ha urgente bisogno di prendere sul serio la nuova scuola elementare \/ preoccupazioni a Gro\u00dfkrotzenburg<\/p>","protected":false},"author":-1,"featured_media":0,"comment_status":"open","ping_status":"open","sticky":false,"template":"","format":"standard","meta":{"footnotes":""},"categories":[2],"tags":[],"class_list":["post-886","post","type-post","status-publish","format-standard","hentry","category-newskreistagsfraktion"],"_links":{"self":[{"href":"https:\/\/www.gruene-mkk.de\/it\/wp-json\/wp\/v2\/posts\/886","targetHints":{"allow":["GET"]}}],"collection":[{"href":"https:\/\/www.gruene-mkk.de\/it\/wp-json\/wp\/v2\/posts"}],"about":[{"href":"https:\/\/www.gruene-mkk.de\/it\/wp-json\/wp\/v2\/types\/post"}],"author":[{"embeddable":true,"href":"https:\/\/www.gruene-mkk.de\/it\/wp-json\/wp\/v2\/users\/5"}],"replies":[{"embeddable":true,"href":"https:\/\/www.gruene-mkk.de\/it\/wp-json\/wp\/v2\/comments?post=886"}],"version-history":[{"count":1,"href":"https:\/\/www.gruene-mkk.de\/it\/wp-json\/wp\/v2\/posts\/886\/revisions"}],"predecessor-version":[{"id":888,"href":"https:\/\/www.gruene-mkk.de\/it\/wp-json\/wp\/v2\/posts\/886\/revisions\/888"}],"wp:attachment":[{"href":"https:\/\/www.gruene-mkk.de\/it\/wp-json\/wp\/v2\/media?parent=886"}],"wp:term":[{"taxonomy":"category","embeddable":true,"href":"https:\/\/www.gruene-mkk.de\/it\/wp-json\/wp\/v2\/categories?post=886"},{"taxonomy":"post_tag","embeddable":true,"href":"https:\/\/www.gruene-mkk.de\/it\/wp-json\/wp\/v2\/tags?post=886"}],"curies":[{"name":"wp","href":"https:\/\/api.w.org\/{rel}","templated":true}]}}