{"id":806,"date":"2021-12-16T16:29:05","date_gmt":"2021-12-16T15:29:05","guid":{"rendered":"https:\/\/www.alles-bleibt-anders.org\/?p=806"},"modified":"2021-12-16T16:33:06","modified_gmt":"2021-12-16T15:33:06","slug":"buergermeisterkandidat-fuer-grosskrotzenburg","status":"publish","type":"post","link":"https:\/\/www.gruene-mkk.de\/it\/buergermeisterkandidat-fuer-grosskrotzenburg\/","title":{"rendered":"Sindaco di Gro\u00dfkrotzenburg"},"content":{"rendered":"<p>Lucas B\u00e4uml<\/p>\n\n\n\n<!--more-->\n\n\n\n<p>Lucas B\u00e4uml \u00e8 stato portavoce dei Verdi di Krotzeboj e membro del<br>La rappresentanza pu\u00f2 gi\u00e0 acquisire diversi anni di esperienza intensiva nella politica locale. Grazie alla sua natura aperta, alla sua affidabilit\u00e0 e alla sua capacit\u00e0 di riunire posizioni diverse, gode di rispetto e rispetto negli organi politici. Tuttavia, non ha paura di esprimere il suo punto di vista o di citare i problemi esistenti, ma sempre in relazione a proposte costruttive di soluzioni. Nel corso della sua attivit\u00e0 politica, ha una sua visione per il futuro di Gro\u00dfkrotzenburg.<br>che saranno presentate pi\u00f9 dettagliatamente nelle prossime settimane e tra queste tre<br>Argomenti<\/p>\n\n\n\n<p><br>Gro\u00dfkrotzenburg \u2013 vivibile per grandi e piccini<br>Gro\u00dfkrotzenburg - Azione contro i cambiamenti climatici<br>Gro\u00dfkrotzenburg \u2013 vicino ai cittadini ed efficiente<br><\/p>\n\n\n\n<p>pu\u00f2 essere riassunta.<br><\/p>\n\n\n\n<p>\"Voglio riportare il movimento nella nostra comunit\u00e0 e porre fine alla non-to-be-culture\", spiega Lucas B\u00e4uml. \"In quanto sindaco, vedo il mio ruolo di custode, pioniere e mediatore. Come qualcuno che rende le cose possibili.\"<\/p>\n\n\n\n<p><br>Superare la stagnazione nella nostra comunit\u00e0 e ricreare prospettive \u00e8 un atto di forza che vuole arginare. Per raggiungere questo obiettivo, due cose sono cruciali per lui. Da un lato, l'organizzazione dei compiti, la struttura del personale e i metodi di lavoro dell'amministrazione comunale devono essere radicalmente rivisti, qui sono i dipendenti<em>Portatelo dentro. Lucas B\u00e4uml beneficia dell'esperienza e delle competenze acquisite da oltre 10 anni di esperienza professionale nel mondo degli affari. D'altra parte, vuole creare di nuovo una coesistenza collegiale, non solo tra il sindaco e il rappresentante comunale e il consiglio comunale, ma anche con i cittadini. \"Riscoprire questa comunanza \u00e8 il mio obiettivo dichiarato. Vorrei sapere cosa sta facendo la gente del posto e vorrei parlarne con loro\", spiega Lucas B\u00e4uml. Lucas B\u00e4uml ha gi\u00e0 un vivace scambio con i cittadini<\/em>interni, commercianti e associazioni e attende con interesse i numerosi impulsi e suggerimenti, e di intensificare ulteriormente questo dialogo con i cittadini in futuro.<br><\/p>\n\n\n\n<p>Lucas B\u00e4uml ribadisce che \"Gro\u00dfkrotzenburg sta cambiando in molti settori, il che rappresenta un'opportunit\u00e0 per un cambiamento positivo. Ma ci vuole coraggio per aprire nuovi orizzonti. Sono sicuramente pronto per questo.\" Lucas B\u00e4uml pu\u00f2 essere raggiunto su Facebook e Instagram o via e-mail a buergermeister@lucas2022.de<\/p>\n\n\n\n<p><\/p>","protected":false},"excerpt":{"rendered":"<p>Lucas B\u00e4uml<\/p>","protected":false},"author":-1,"featured_media":807,"comment_status":"open","ping_status":"open","sticky":false,"template":"","format":"standard","meta":{"footnotes":""},"categories":[4],"tags":[],"class_list":["post-806","post","type-post","status-publish","format-standard","has-post-thumbnail","hentry","category-newsortsverbaende"],"_links":{"self":[{"href":"https:\/\/www.gruene-mkk.de\/it\/wp-json\/wp\/v2\/posts\/806","targetHints":{"allow":["GET"]}}],"collection":[{"href":"https:\/\/www.gruene-mkk.de\/it\/wp-json\/wp\/v2\/posts"}],"about":[{"href":"https:\/\/www.gruene-mkk.de\/it\/wp-json\/wp\/v2\/types\/post"}],"author":[{"embeddable":true,"href":"https:\/\/www.gruene-mkk.de\/it\/wp-json\/wp\/v2\/users\/2"}],"replies":[{"embeddable":true,"href":"https:\/\/www.gruene-mkk.de\/it\/wp-json\/wp\/v2\/comments?post=806"}],"version-history":[{"count":2,"href":"https:\/\/www.gruene-mkk.de\/it\/wp-json\/wp\/v2\/posts\/806\/revisions"}],"predecessor-version":[{"id":810,"href":"https:\/\/www.gruene-mkk.de\/it\/wp-json\/wp\/v2\/posts\/806\/revisions\/810"}],"wp:featuredmedia":[{"embeddable":true,"href":"https:\/\/www.gruene-mkk.de\/it\/wp-json\/wp\/v2\/media\/807"}],"wp:attachment":[{"href":"https:\/\/www.gruene-mkk.de\/it\/wp-json\/wp\/v2\/media?parent=806"}],"wp:term":[{"taxonomy":"category","embeddable":true,"href":"https:\/\/www.gruene-mkk.de\/it\/wp-json\/wp\/v2\/categories?post=806"},{"taxonomy":"post_tag","embeddable":true,"href":"https:\/\/www.gruene-mkk.de\/it\/wp-json\/wp\/v2\/tags?post=806"}],"curies":[{"name":"wp","href":"https:\/\/api.w.org\/{rel}","templated":true}]}}