{"id":766,"date":"2021-12-03T17:29:00","date_gmt":"2021-12-03T16:29:00","guid":{"rendered":"https:\/\/www.alles-bleibt-anders.org\/?p=766"},"modified":"2021-12-09T17:30:29","modified_gmt":"2021-12-09T16:30:29","slug":"antraege-zum-haushalt-umweltbildung-tierwohl-und-landwirtschaft","status":"publish","type":"post","link":"https:\/\/www.gruene-mkk.de\/it\/antraege-zum-haushalt-umweltbildung-tierwohl-und-landwirtschaft\/","title":{"rendered":"Richieste di bilancio: Educazione ambientale, benessere degli animali e agricoltura"},"content":{"rendered":"<p><strong>Il gruppo parlamentare verde presenta proposte di bilancio per la prossima tavola rotonda<\/strong><\/p>\n\n\n\n<!--more-->\n\n\n\n<p>\"Nel prossimo bilancio, vorremmo concentrarci sull'educazione ambientale, sul benessere degli animali e sull'agricoltura\", ha dichiarato Rainer Vogel, portavoce per la politica agricola del gruppo verde nel parlamento distrettuale, spiegando tre delle dieci mozioni del suo gruppo per la prossima riunione del parlamento distrettuale: \"Vogliamo raggiungere questo obiettivo attraverso iniziative nel settore dell'Ufficio veterinario, ma anche aumentando i finanziamenti per il \"Campo di apprendimento dell'agricoltura\" e uno studio di fattibilit\u00e0 per un macello regionale.\"<\/p>\n\n\n\n<p>Il \"campo di apprendimento dell'agricoltura\" garantisce che i gruppi scolastici e i gruppi prescolari acquisiscano informazioni sulla produzione dei loro alimenti attraverso visite alle aziende agricole nel MKK: \"Questa educazione alimentare e ambientale \u00e8 importante fin dalla tenera et\u00e0 per aumentare la consapevolezza dell'origine del cibo prodotto a livello regionale e del lavoro dietro di esso\", afferma Vogel. Dopo tutto, la produzione di alimenti regionali e di alta qualit\u00e0 deve essere riportata in primo piano. \"Il bilancio stanziato non \u00e8 sufficiente per fornire ampie informazioni agli alunni e ai giovani. Chiediamo pertanto che tale importo sia aumentato di 20 000 euro a partire dal bilancio 2022. Inoltre, il cerchio dovrebbe \"concentrarsi maggiormente sull'importante lavoro degli agricoltori attraverso una campagna pubblicitaria, ad esempio nel contesto della regione a modello ecologico\".<\/p>\n\n\n\n<p>In occasione dell'ultima tavola rotonda, il distretto di Main-Kinzig ha deciso di istituire una tavola rotonda sulla macellazione regionale: \"Dopo la chiusura del macello di B\u00fcdingen, \u00e8 scomparso un macello centrale per macellai e venditori diretti del distretto di Main-Kinzig\". Ci\u00f2 aumenta notevolmente il percorso di trasporto degli animali da macello: \"Anche la possibilit\u00e0 di scarico durante i controlli sul trasporto degli animali, ad esempio dopo i controlli in autostrada, \u00e8 completamente eliminata\", ha affermato il portavoce della politica agricola. Con una richiesta, il gruppo parlamentare distrettuale ha gi\u00e0 chiarito il problema: \"Chiediamo pertanto che il distretto assegni le risorse necessarie per effettuare uno studio di fattibilit\u00e0 nel bilancio e quindi esamini se e in base a quali misure possa essere gestito un macello regionale.\" Occorre esaminare la conservazione o la costruzione di un macello congiunto delle regioni ecomodello di Main-Kinzig e Wetterau. Nel contempo, i Verdi chiedono che la tavola rotonda sia convocata quanto prima e che sia presentata anche una relazione alla commissione per l'agricoltura: \"La questione deve essere affrontata in modo tempestivo.\"<\/p>\n\n\n\n<p>Oltre al necessario lavoro educativo e ad un macello regionale, il benessere degli animali comprende anche i necessari controlli da parte dell'ufficio veterinario: \"Secondo il Regierungspr\u00e4sidium Darmstadt, solo circa il 32% dei controlli necessari in questo settore sono attualmente in corso\", afferma Vogel. Un nuovo regolamento di controllo dell'UE estenderebbe ulteriormente i requisiti di controllo, mentre allo stesso tempo vi \u00e8 una carenza di personale nell'Ufficio veterinario \"Un organico completo sar\u00e0 raggiunto al pi\u00f9 presto entro la fine del 2022. A causa della mancanza di personale e della maggiore necessit\u00e0 di controllo, chiediamo pertanto la creazione di due posti supplementari per il 2022 nel settore dei supervisori degli animali: \"Ci\u00f2 \u00e8 destinato ad aumentare ulteriormente il livello di conformit\u00e0 ai controlli\", conclude Vogel.<\/p>\n\n\n\n<p>Richieste di informazioni:<\/p>\n\n\n\n<p>Jakob M\u00e4hler<br>Amministratore delegato del gruppo<br>Alleanza 90 \/ I Verdi Main-Kinzig<br>06181\/61596<br>0176\/46763336<br>fraktion@gruene-mkk.deCategorie:<a href=\"https:\/\/gruene-main-kinzig.de\/kreistagsfraktion\/pressemitteilungen-aktuell\/presse-volltext\/kategorie\/fraktion-41\/article\/antraege-zum-haushalt-umweltbildung-tierwohl-und-landwirtschaft\/\">fazione<\/a><\/p>","protected":false},"excerpt":{"rendered":"<p>Il gruppo parlamentare verde presenta proposte di bilancio per la prossima tavola rotonda<\/p>","protected":false},"author":-1,"featured_media":0,"comment_status":"open","ping_status":"open","sticky":false,"template":"","format":"standard","meta":{"footnotes":""},"categories":[2],"tags":[],"class_list":["post-766","post","type-post","status-publish","format-standard","hentry","category-newskreistagsfraktion"],"_links":{"self":[{"href":"https:\/\/www.gruene-mkk.de\/it\/wp-json\/wp\/v2\/posts\/766","targetHints":{"allow":["GET"]}}],"collection":[{"href":"https:\/\/www.gruene-mkk.de\/it\/wp-json\/wp\/v2\/posts"}],"about":[{"href":"https:\/\/www.gruene-mkk.de\/it\/wp-json\/wp\/v2\/types\/post"}],"author":[{"embeddable":true,"href":"https:\/\/www.gruene-mkk.de\/it\/wp-json\/wp\/v2\/users\/2"}],"replies":[{"embeddable":true,"href":"https:\/\/www.gruene-mkk.de\/it\/wp-json\/wp\/v2\/comments?post=766"}],"version-history":[{"count":1,"href":"https:\/\/www.gruene-mkk.de\/it\/wp-json\/wp\/v2\/posts\/766\/revisions"}],"predecessor-version":[{"id":768,"href":"https:\/\/www.gruene-mkk.de\/it\/wp-json\/wp\/v2\/posts\/766\/revisions\/768"}],"wp:attachment":[{"href":"https:\/\/www.gruene-mkk.de\/it\/wp-json\/wp\/v2\/media?parent=766"}],"wp:term":[{"taxonomy":"category","embeddable":true,"href":"https:\/\/www.gruene-mkk.de\/it\/wp-json\/wp\/v2\/categories?post=766"},{"taxonomy":"post_tag","embeddable":true,"href":"https:\/\/www.gruene-mkk.de\/it\/wp-json\/wp\/v2\/tags?post=766"}],"curies":[{"name":"wp","href":"https:\/\/api.w.org\/{rel}","templated":true}]}}