{"id":68,"date":"2021-07-12T10:00:00","date_gmt":"2021-07-12T08:00:00","guid":{"rendered":"https:\/\/www.alles-bleibt-anders.org\/?p=68"},"modified":"2021-11-09T14:39:43","modified_gmt":"2021-11-09T13:39:43","slug":"groko-im-mkk-zeichen-der-zeit-nicht-erkannt","status":"publish","type":"post","link":"https:\/\/www.gruene-mkk.de\/it\/groko-im-mkk-zeichen-der-zeit-nicht-erkannt\/","title":{"rendered":"GroKo nel MKK: \"Segni di tempo non riconosciuti\""},"content":{"rendered":"<p><strong>Regressione per il Main-Kinzig-Kreis<\/strong><\/p>\n\n\n\n<p>\"La continuazione della Grande Coalizione \u00e8 un passo indietro per il distretto Main-Kinzig e per i cittadini\", afferma Reiner Bousonville, leader del Gruppo Verde nel consiglio distrettuale. <\/p>\n\n\n\n<!--more-->\n\n\n\n<p>\"L'idea dell'accordo di coalizione suggerisce gi\u00e0 che nei prossimi cinque anni il distretto sar\u00e0 gestito solo senza idee innovative e, soprattutto, senza puntare la spada nel campo della protezione del clima e nella creazione di pari condizioni di vita da Maintal a Sinntal. Sebbene ci\u00f2 sia conveniente, non risponde alle sfide del nostro tempo e al mandato dell'elettorato.\"<\/p>\n\n\n\n<p>I negoziati interrotti della coalizione con i Verdi e il FDP hanno gi\u00e0 dimostrato che non sono desiderati venti freschi e nuove idee sui temi che muovono le persone nel cerchio: \"Negli ultimi anni i risultati della Grande coalizione sono stati devastanti. Nessuna delle 90 misure \u00e8 stata implementata dal concetto di pista ciclabile, invece \u00e8 stato elaborato un nuovo concetto, il piano di sviluppo scolastico \u00e8 dovuto tornare al comitato a causa di numerosi errori, l'Accademia della salute e dell'assistenza non \u00e8 ancora in piedi e manca ancora un bilancio di Co2 che era in ritardo dal 1997 \", riassume Bousonville. \u00a0\"Il distretto \u00e8 uno degli ultimi ad aderire alle regioni ecomodello dello Stato dell'Assia, sebbene detenga la quota maggiore di aziende agricole biologiche in Assia. L'espansione della banda larga sta rallentando in molti luoghi e mancano importanti posti di personale nel distretto, ad esempio per la protezione del clima, l'espansione delle piste ciclabili, l'integrazione e la migrazione.\"<\/p>\n\n\n\n<p>Una richiesta da parte dei Verdi di aumentare il numero di posti nell'ufficio sanitario \u00e8 stata respinta alla fine del 2019, \"quando si \u00e8 chiesto leggi sulle armi pi\u00f9 forti dopo l'attacco di Hanau, \u00e8 stata istituita una tavola rotonda che non si \u00e8 riunita di nuovo dopo una riunione una tantum. Dopo quattro anni di adesione all'\"Hessen aktiv\", non \u00e8 stato redatto alcun catalogo di misure sulla protezione del clima e le iniziative con cui si vanta la consigliera distrettuale Susanne Simmler, come la coppa di deposito riutilizzabile \"Main-Kinzig-Krug\" o la rinuncia alla plastica nel \"MKK-L\u00e4dchen\", provengono tutte dall'opposizione\", aggiungono i vicepresidenti Viola Ha\u00dfdenteufel e Jakob M\u00e4hler. \"Essere fotografati accanto a prati fioriti \u00e8 un inizio, ma non garantisce un contributo sufficiente alla lotta contro la crisi climatica e l'estinzione delle specie a livello di distretto.\"<\/p>\n\n\n\n<p>\"Se la grande coalizione ora annuncia che vuole continuare questo lavoro, si pu\u00f2 essere spaventati e ansiosi\", dice Bousonville. \"\u00c8 chiaro che l'SPD e la CDU non hanno riconosciuto i segni dei tempi e ignorano la volont\u00e0 degli elettori di aumentare la protezione dell'ambiente e del clima. Il minimo comune denominatore di questo GroKo nel MKK \u00e8 la maggioranza garantita per poter governare senza ambizione e senza preoccupazioni.\"<\/p>\n\n\n\n<p>Per i Verdi, questa \u00e8 un'opportunit\u00e0 per \"continuare a lottare per un'autentica protezione del clima e una politica sociale con domande e richieste\". Il DOCUP e la CDU sostengono un \"corso chiaro\" qui: \"La rotta va solo nella direzione sbagliata\", conclude Bousonville.<\/p>\n\n\n\n<p>Richieste di informazioni:<\/p>\n\n\n\n<p>Jakob M\u00e4hler<br>Amministratore delegato del gruppo<br>Alleanza 90 \/ I Verdi Main-Kinzig<br>06181\/61596<br>0176\/46763336<br>fraktion@gruene-mkk.de<\/p>","protected":false},"excerpt":{"rendered":"<p>Regressione per il distretto Main-Kinzig \"La continuazione della Grande Coalizione \u00e8 una regressione per il distretto Main-Kinzig e per i cittadini\", afferma Reiner Bousonville, leader del Gruppo Verde nel consiglio distrettuale.<\/p>","protected":false},"author":-1,"featured_media":0,"comment_status":"open","ping_status":"open","sticky":false,"template":"","format":"standard","meta":{"footnotes":""},"categories":[2],"tags":[],"class_list":["post-68","post","type-post","status-publish","format-standard","hentry","category-newskreistagsfraktion"],"_links":{"self":[{"href":"https:\/\/www.gruene-mkk.de\/it\/wp-json\/wp\/v2\/posts\/68","targetHints":{"allow":["GET"]}}],"collection":[{"href":"https:\/\/www.gruene-mkk.de\/it\/wp-json\/wp\/v2\/posts"}],"about":[{"href":"https:\/\/www.gruene-mkk.de\/it\/wp-json\/wp\/v2\/types\/post"}],"author":[{"embeddable":true,"href":"https:\/\/www.gruene-mkk.de\/it\/wp-json\/wp\/v2\/users\/2"}],"replies":[{"embeddable":true,"href":"https:\/\/www.gruene-mkk.de\/it\/wp-json\/wp\/v2\/comments?post=68"}],"version-history":[{"count":2,"href":"https:\/\/www.gruene-mkk.de\/it\/wp-json\/wp\/v2\/posts\/68\/revisions"}],"predecessor-version":[{"id":70,"href":"https:\/\/www.gruene-mkk.de\/it\/wp-json\/wp\/v2\/posts\/68\/revisions\/70"}],"wp:attachment":[{"href":"https:\/\/www.gruene-mkk.de\/it\/wp-json\/wp\/v2\/media?parent=68"}],"wp:term":[{"taxonomy":"category","embeddable":true,"href":"https:\/\/www.gruene-mkk.de\/it\/wp-json\/wp\/v2\/categories?post=68"},{"taxonomy":"post_tag","embeddable":true,"href":"https:\/\/www.gruene-mkk.de\/it\/wp-json\/wp\/v2\/tags?post=68"}],"curies":[{"name":"wp","href":"https:\/\/api.w.org\/{rel}","templated":true}]}}