{"id":513,"date":"2021-09-09T12:25:00","date_gmt":"2021-09-09T10:25:00","guid":{"rendered":"https:\/\/www.alles-bleibt-anders.org\/?p=513"},"modified":"2024-09-05T14:43:15","modified_gmt":"2024-09-05T12:43:15","slug":"anfrage-zu-schlachtstaetten-im-mkk","status":"publish","type":"post","link":"https:\/\/www.gruene-mkk.de\/it\/anfrage-zu-schlachtstaetten-im-mkk\/","title":{"rendered":"Indagine sui macelli nel MKK"},"content":{"rendered":"<p><strong>Oggetto della questione:<\/strong><\/p>\n\n\n\n<p>Il distretto di Main-Kinzig \u00e8 una regione eco-modello dal 2021. La produzione di alimenti biologici e soprattutto regionali \u00e8 da promuovere e rappresenta una sfida particolare per il distretto pi\u00f9 popoloso dell'Assia. Soprattutto, la macellazione e la trasformazione degli animali da allevamento prodotti nel distretto di Main-Kinzig dovrebbero essere effettuate vicino al consumatore e senza lunghi percorsi di trasporto. Il trasporto di animali rappresenta un grave onere per gli animali.<\/p>\n\n\n\n<p>Attraverso macelli regionali e rapidamente accessibili, i trasporti di animali possono essere notevolmente ridotti, anche completamente evitati con l'uso di un macello mobile.<\/p>\n\n\n\n<p><strong>Domande:<\/strong><\/p>\n\n\n\n<p><strong>Quanti macelli riconosciuti ci sono nel Main-Kinzig-Kreis?<\/strong><\/p>\n\n\n\n<p><strong>Risposta:<\/strong><\/p>\n\n\n\n<p>Attualmente vi sono 25 macelli riconosciuti nel distretto di Main-Kinzig (ex 27 nel 2020). Per effettuare la macellazione commerciale \u00e8 necessario il riconoscimento dell'UE del rispettivo macello.<\/p>\n\n\n\n<p><strong>a.&nbsp;&nbsp;&nbsp;&nbsp;&nbsp;&nbsp;&nbsp;<\/strong><strong>Quali macelli sono questi e quanti animali vengono macellati l\u00ec ogni anno?<\/strong><\/p>\n\n\n\n<p><strong>Risposta:<\/strong><\/p>\n\n\n\n<p>I macelli nel Main-Kinzig-Kreis sono costantemente strutturati per artigianato. Erano, e continuano ad essere, aziende a conduzione familiare. Il numero di macellazioni annuali effettuate in queste aziende varia notevolmente a seconda della via di commercializzazione. Dall'analisi delle macellazioni effettuate nel 2020 \u00e8 emerso che vi sono state tra una e 2093 macellazioni per azienda. In media, quindi, si possono ipotizzare circa 467 macellazioni per azienda\/anno (nel 2020).<\/p>\n\n\n\n<p><strong>b.&nbsp;&nbsp;&nbsp;&nbsp;&nbsp;&nbsp;<\/strong><strong>Quanti di questi macelli sono certificati biologici?<\/strong><\/p>\n\n\n\n<p><strong>Risposta:<\/strong><\/p>\n\n\n\n<p>Secondo le conoscenze ufficiali, nessuno dei macelli situati nel Main-Kinzig-Kreis \u00e8 certificato biologicamente, anche se secondo le loro dichiarazioni, almeno uno dei macelli nel Main-Kinzig-Kreis anche gli agricoltori biologici hanno il loro bestiame macellato a livello regionale.<\/p>\n\n\n\n<p><strong>c.&nbsp;&nbsp;&nbsp;&nbsp;&nbsp;&nbsp;&nbsp;<\/strong><strong>Quanti di questi macelli sono anche laboratori di sezionamento?<\/strong><\/p>\n\n\n\n<p><strong>Risposta:<\/strong><\/p>\n\n\n\n<p>Dei 25 macelli, 12 hanno anche l'approvazione dell'UE per il taglio.<\/p>\n\n\n\n<p><strong>Secondo le stime dell'amministrazione: Quale percentuale della macellazione di animali negli allevamenti del Main-Kinzig-Kreis non pu\u00f2 essere effettuata nel distretto perch\u00e9 mancano i macelli?<\/strong><\/p>\n\n\n\n<p><strong>Risposta:<\/strong><\/p>\n\n\n\n<p>\u00d8 Pollame:\u00a0\u00a0\u00a0\u00a0\u00a0\u00a0\u00a0\u00a0\u00a0\u00a0\u00a0\u00a0\u00a0\u00a0\u00a0\u00a0\u00a0\u00a0\u00a0\u00a0\u00a0\u00a090%<\/p>\n\n\n\n<p>\u00d8 Carne di manzo:\u00a0\u00a0\u00a0\u00a0\u00a0\u00a0\u00a0\u00a0\u00a0\u00a0\u00a0\u00a0\u00a0\u00a0\u00a0\u00a0\u00a0\u00a0\u00a0\u00a0\u00a0\u00a0\u00a0\u00a0\u00a0\u00a0\u00a0\u00a0\u00a090%<\/p>\n\n\n\n<p>\u00d8 Maiale:\u00a0\u00a0\u00a0\u00a0\u00a0\u00a0\u00a0\u00a0\u00a0\u00a0\u00a0\u00a0\u00a0\u00a0\u00a0\u00a0\u00a0\u00a0\u00a0\u00a0\u00a0\u00a080%<\/p>\n\n\n\n<p>\u00d8 ovini\/caprini:\u00a0\u00a0\u00a0\u00a0\u00a0\u00a0\u00a0\u00a0\u00a0\u00a0\u00a0\u00a0\u00a0\u00a0\u00a050%<\/p>\n\n\n\n<p>\u00d8 Solipeds:\u00a0\u00a0\u00a0\u00a0\u00a0\u00a0\u00a0\u00a0\u00a0\u00a0\u00a0\u00a0\u00a0\u00a0\u00a0\u00a0\u00a0\u00a0\u00a0100%<\/p>\n\n\n\n<p>\u00d8 selvaggina d'allevamento:\u00a0\u00a0\u00a0\u00a0\u00a0\u00a0\u00a0\u00a0\u00a0\u00a0\u00a0\u00a0\u00a0\u00a0\u00a0\u00a0\u00a0\u00a0\u00a0\u00a0\u00a085%<\/p>\n\n\n\n<p>Queste stime si riferiscono alla pura capacit\u00e0 di macellazione. Il secondo aspetto importante \u00e8 la catena del valore necessaria dietro di esso. Senza una riduzione affidabile delle carni macellate, lo sviluppo delle capacit\u00e0 di macellazione non \u00e8 opportuno.<\/p>\n\n\n\n<p><strong>Quanti permessi sono stati rilasciati nel 2020 per<\/strong><\/p>\n\n\n\n<p><strong>a.&nbsp;&nbsp;&nbsp;&nbsp;&nbsp;&nbsp;&nbsp;<\/strong><strong>Il tiro al pascolo?<\/strong><\/p>\n\n\n\n<p><strong>Risposta:<\/strong><\/p>\n\n\n\n<p>Nel 2020 l'Ufficio per gli affari veterinari e la tutela dei consumatori ha concesso, su richiesta, un totale di 22 deroghe per il colpo nel pascolo.<\/p>\n\n\n\n<p><strong>b.&nbsp;&nbsp;&nbsp;&nbsp;&nbsp;&nbsp;<\/strong><strong>L'uso di un macello mobile?<\/strong><\/p>\n\n\n\n<p><strong>Risposta:<\/strong><\/p>\n\n\n\n<p>Nel 2020 non sono state concesse autorizzazioni per l'uso di un macello mobile, in quanto tali domande non sono state presentate all'Ufficio per gli affari veterinari e la tutela dei consumatori.<\/p>\n\n\n\n<p><strong>Quali sforzi compie il Main-Kinzig-Kreis per promuovere i macelli regionali nel distretto al fine di evitare o ridurre il trasporto di animali?<\/strong><\/p>\n\n\n\n<p><strong>Risposta:<\/strong><\/p>\n\n\n\n<p>Il Main-Kinzig-Kreis (Main-Kinzig-Kreis) \u00e8 l'organismo autorizzatore del programma individuale di promozione degli investimenti agricoli. Il programma prevede, tra l'altro, la promozione di investimenti di diversificazione per consentire alle aziende agricole di creare ulteriori fonti di reddito. Questi includono macellerie e macelli.<\/p>\n\n\n\n<p>Inoltre, il Main-Kinzig-Kreis \u00e8 una regione modello dal 1\u00b0 gennaio 2021 e si \u00e8 quindi posta l'obiettivo di promuovere e ampliare la produzione, la trasformazione e la commercializzazione regionali dei prodotti agricoli.<\/p>\n\n\n\n<p>Nel settore zootecnico, il distretto \u00e8 in stretto contatto con le altre regioni modello dell'Assia e sostiene il progetto \"Bio-Weiderind\". In questo progetto, l'offerta di bestiame da pascolo delle aziende agricole biologiche dell'Assia deve essere raggruppata. L'obiettivo \u00e8 quello di alleggerire i produttori dall'onere della commercializzazione e di garantire che nella vendita si tenga conto dell'allevamento speciale di bovini biologici istituendo una nuova catena del valore.<\/p>\n\n\n\n<p><strong>Quante ispezioni sul trasporto di animali sono state effettuate dall'Ufficio veterinario nel 2020?<\/strong><\/p>\n\n\n\n<p><strong>a.&nbsp;&nbsp;&nbsp;&nbsp;&nbsp;&nbsp;&nbsp;<\/strong><strong>Quale percentuale di tutti i trasporti di animali effettuati nel Main-Kinzig-Kreis nel 2020 sono questi?<\/strong><\/p>\n\n\n\n<p><strong>b.&nbsp;&nbsp;&nbsp;&nbsp;&nbsp;&nbsp;<\/strong><strong>Quante violazioni del regolamento sul trasporto di animali sono state individuate?<\/strong><\/p>\n\n\n\n<p><strong>c.&nbsp;&nbsp;&nbsp;&nbsp;&nbsp;&nbsp;&nbsp;<\/strong><strong>Un aumento del numero di posti nell'ufficio veterinario comporterebbe un miglioramento percentuale?<\/strong><\/p>\n\n\n\n<p><strong>Risposta:<\/strong><\/p>\n\n\n\n<p>Nel 2020 non sono stati effettuati controlli sui trasporti a causa della mancanza di risorse umane. Inoltre, occorre tenere presente che il numero assoluto di trasporti non viene a conoscenza ufficiale, in quanto l'Ufficio per gli affari veterinari e la protezione dei consumatori viene a conoscenza solo di tali trasporti che trasportano bestiame o animali da compagnia commerciali e attraversano le frontiere nazionali quando l'inizio o la destinazione del trasporto si trova nel distretto di Main-Kinzig.<\/p>\n\n\n\n<p>Un aumento del personale veterinario necessario consentirebbe all'Ufficio per la protezione veterinaria e dei consumatori di effettuare controlli significativi sui trasporti.<\/p>\n\n\n\n<p><strong>L'uso o l'acquisto di un macello mobile non era desiderato dal Main-Kinzig-Kreis. In questo caso, il diritto dell'UE sarebbe contrario a un dispiegamento, ha affermato all'epoca nella relazione. A Wetterau, insieme all'iniziativa \"Extrawurst\", \u00e8 stato realizzato un macello mobile e vi \u00e8 anche un agricoltore che gestisce un macello mobile per pollame, anch'esso sostenuto, tra l'altro, dall'UE.<\/strong><\/p>\n\n\n\n<p><strong>a.&nbsp;&nbsp;&nbsp;&nbsp;&nbsp;&nbsp;<\/strong><strong>Quali altre direttive o requisiti dell'UE si applicano nel Wetteraukreis che consentono di utilizzarli l\u00ec?<\/strong><\/p>\n\n\n\n<p><strong>Se i requisiti di base sono gli stessi: Qual \u00e8 il motivo per cui l'amministrazione non acquista un macello mobile?<\/strong><\/p>\n\n\n\n<p><strong>Se i requisiti di base non sono gli stessi: Quali misure dovrebbero essere adottate per realizzare un macello mobile nel distretto?<\/strong><\/p>\n\n\n\n<p><strong>Risposta:<\/strong><\/p>\n\n\n\n<p>Nel 2021 la situazione giuridica in tutta Europa \u00e8 cambiata. Uno dei \u2018considerando\u2019 del regolamento (CE) n. 853\/2004 cos\u00ec recita:<\/p>\n\n\n\n<p>\"Migliorare il benessere degli animali \u00e8 una delle misure proposte dalla Commissione nella sua strategia \"Dal produttore al consumatore\" per un sistema alimentare equo, sano e rispettoso dell'ambiente nell'ambito del Green Deal europeo. In particolare, le abitudini di consumo della carne sono cambiate e il Parlamento europeo, gli agricoltori e i consumatori chiedono sempre pi\u00f9 spesso di consentire la macellazione di determinati ungulati domestici nell'azienda di origine al fine di evitare possibili problemi di benessere degli animali nella raccolta e nel trasporto di tali animali.\"<\/p>\n\n\n\n<p>Dal 9 settembre 2021, pertanto, \u00e8 in vigore una deroga che \"consente la macellazione di bovini domestici (ad eccezione del bisonte), suini domestici e cavalli nell'azienda di origine qualora sussistano rischi in termini di sicurezza sul lavoro e benessere degli animali dovuti al trasporto degli animali al macello. Il numero di animali da macellare per operazione di macellazione \u00e8 limitato a un massimo di tre bovini, a un massimo di sei suini o a un massimo di tre cavalli.<a rel=\"noreferrer noopener\" href=\"https:\/\/sessionnet.krz.de\/main-kinzig\/bi\/vo0050.asp?__kvonr=21857#_ftn1\" target=\"_blank\"><sup>[1]<\/sup><\/a>\"In questo contesto \u00e8 effettuata una macellazione parzialmente mobile. Le unit\u00e0 mobili di macellazione sono sottoposte a una prova attitudinale da parte del Regierungspr\u00e4sidium Kassel in qualit\u00e0 di organismo competente. Con l'esistenza, tali unit\u00e0 mobili possono essere utilizzate o utilizzate alternativamente da diverse aziende. Ci\u00f2 si traduce in un elevato grado di flessibilit\u00e0, che all'epoca non era disponibile nel progetto modello \"Extrawurst\". In questo caso, l'unit\u00e0 mobile faceva parte di un macello dell'UE riconosciuto.<\/p>\n\n\n\n<p><strong>Oggetto della questione:<\/strong><\/p>\n\n\n\n<p>Il distretto di Main-Kinzig \u00e8 una regione eco-modello dal 2021. La produzione di alimenti biologici e soprattutto regionali \u00e8 da promuovere e rappresenta una sfida particolare per il distretto pi\u00f9 popoloso dell'Assia. Soprattutto, la macellazione e la trasformazione degli animali da allevamento prodotti nel distretto di Main-Kinzig dovrebbero essere effettuate vicino al consumatore e senza lunghi percorsi di trasporto. Il trasporto di animali rappresenta un grave onere per gli animali.<\/p>\n\n\n\n<p>Attraverso macelli regionali e rapidamente accessibili, i trasporti di animali possono essere notevolmente ridotti, anche completamente evitati con l'uso di un macello mobile.<\/p>\n\n\n\n<p><strong>Domande:<\/strong><\/p>\n\n\n\n<p><strong>Quanti macelli riconosciuti ci sono nel Main-Kinzig-Kreis?<\/strong><\/p>\n\n\n\n<p><strong>Risposta:<\/strong><\/p>\n\n\n\n<p>Attualmente vi sono 25 macelli riconosciuti nel distretto di Main-Kinzig (ex 27 nel 2020). Per effettuare la macellazione commerciale \u00e8 necessario il riconoscimento dell'UE del rispettivo macello.<\/p>\n\n\n\n<p><strong>a.&nbsp;&nbsp;&nbsp;&nbsp;&nbsp;&nbsp;&nbsp;<\/strong><strong>Quali macelli sono questi e quanti animali vengono macellati l\u00ec ogni anno?<\/strong><\/p>\n\n\n\n<p><strong>Risposta:<\/strong><\/p>\n\n\n\n<p>I macelli nel Main-Kinzig-Kreis sono costantemente strutturati per artigianato. Erano, e continuano ad essere, aziende a conduzione familiare. Il numero di macellazioni annuali effettuate in queste aziende varia notevolmente a seconda della via di commercializzazione. Dall'analisi delle macellazioni effettuate nel 2020 \u00e8 emerso che vi sono state tra una e 2093 macellazioni per azienda. In media, quindi, si possono ipotizzare circa 467 macellazioni per azienda\/anno (nel 2020).<\/p>\n\n\n\n<p><strong>b.&nbsp;&nbsp;&nbsp;&nbsp;&nbsp;&nbsp;<\/strong><strong>Quanti di questi macelli sono certificati biologici?<\/strong><\/p>\n\n\n\n<p><strong>Risposta:<\/strong><\/p>\n\n\n\n<p>Secondo le conoscenze ufficiali, nessuno dei macelli situati nel Main-Kinzig-Kreis \u00e8 certificato biologicamente, anche se secondo le loro dichiarazioni, almeno uno dei macelli nel Main-Kinzig-Kreis anche gli agricoltori biologici hanno il loro bestiame macellato a livello regionale.<\/p>\n\n\n\n<p><strong>c.&nbsp;&nbsp;&nbsp;&nbsp;&nbsp;&nbsp;&nbsp;<\/strong><strong>Quanti di questi macelli sono anche laboratori di sezionamento?<\/strong><\/p>\n\n\n\n<p><strong>Risposta:<\/strong><\/p>\n\n\n\n<p>Dei 25 macelli, 12 hanno anche l'approvazione dell'UE per il taglio.<\/p>\n\n\n\n<p><strong>Secondo le stime dell'amministrazione: Quale percentuale della macellazione di animali negli allevamenti del Main-Kinzig-Kreis non pu\u00f2 essere effettuata nel distretto perch\u00e9 mancano i macelli?<\/strong><\/p>\n\n\n\n<p><strong>Risposta:<\/strong><\/p>\n\n\n\n<p>\u00d8 Pollame:\u00a0\u00a0\u00a0\u00a0\u00a0\u00a0\u00a0\u00a0\u00a0\u00a0\u00a0\u00a0\u00a0\u00a0\u00a0\u00a0\u00a0\u00a0\u00a0\u00a0\u00a0\u00a090%<\/p>\n\n\n\n<p>\u00d8 Carne di manzo:\u00a0\u00a0\u00a0\u00a0\u00a0\u00a0\u00a0\u00a0\u00a0\u00a0\u00a0\u00a0\u00a0\u00a0\u00a0\u00a0\u00a0\u00a0\u00a0\u00a0\u00a0\u00a0\u00a0\u00a0\u00a0\u00a0\u00a0\u00a0\u00a090%<\/p>\n\n\n\n<p>\u00d8 Maiale:\u00a0\u00a0\u00a0\u00a0\u00a0\u00a0\u00a0\u00a0\u00a0\u00a0\u00a0\u00a0\u00a0\u00a0\u00a0\u00a0\u00a0\u00a0\u00a0\u00a0\u00a0\u00a080%<\/p>\n\n\n\n<p>\u00d8 ovini\/caprini:\u00a0\u00a0\u00a0\u00a0\u00a0\u00a0\u00a0\u00a0\u00a0\u00a0\u00a0\u00a0\u00a0\u00a0\u00a050%<\/p>\n\n\n\n<p>\u00d8 Solipeds:\u00a0\u00a0\u00a0\u00a0\u00a0\u00a0\u00a0\u00a0\u00a0\u00a0\u00a0\u00a0\u00a0\u00a0\u00a0\u00a0\u00a0\u00a0\u00a0100%<\/p>\n\n\n\n<p>\u00d8 selvaggina d'allevamento:\u00a0\u00a0\u00a0\u00a0\u00a0\u00a0\u00a0\u00a0\u00a0\u00a0\u00a0\u00a0\u00a0\u00a0\u00a0\u00a0\u00a0\u00a0\u00a0\u00a0\u00a085%<\/p>\n\n\n\n<p>Queste stime si riferiscono alla pura capacit\u00e0 di macellazione. Il secondo aspetto importante \u00e8 la catena del valore necessaria dietro di esso. Senza una riduzione affidabile delle carni macellate, lo sviluppo delle capacit\u00e0 di macellazione non \u00e8 opportuno.<\/p>\n\n\n\n<p><strong>Quanti permessi sono stati rilasciati nel 2020 per<\/strong><\/p>\n\n\n\n<p><strong>a.&nbsp;&nbsp;&nbsp;&nbsp;&nbsp;&nbsp;&nbsp;<\/strong><strong>Il tiro al pascolo?<\/strong><\/p>\n\n\n\n<p><strong>Risposta:<\/strong><\/p>\n\n\n\n<p>Nel 2020 l'Ufficio per gli affari veterinari e la tutela dei consumatori ha concesso, su richiesta, un totale di 22 deroghe per il colpo nel pascolo.<\/p>\n\n\n\n<p><strong>b.&nbsp;&nbsp;&nbsp;&nbsp;&nbsp;&nbsp;<\/strong><strong>L'uso di un macello mobile?<\/strong><\/p>\n\n\n\n<p><strong>Risposta:<\/strong><\/p>\n\n\n\n<p>Nel 2020 non sono state concesse autorizzazioni per l'uso di un macello mobile, in quanto tali domande non sono state presentate all'Ufficio per gli affari veterinari e la tutela dei consumatori.<\/p>\n\n\n\n<p><strong>Quali sforzi compie il Main-Kinzig-Kreis per promuovere i macelli regionali nel distretto al fine di evitare o ridurre il trasporto di animali?<\/strong><\/p>\n\n\n\n<p><strong>Risposta:<\/strong><\/p>\n\n\n\n<p>Il Main-Kinzig-Kreis (Main-Kinzig-Kreis) \u00e8 l'organismo autorizzatore del programma individuale di promozione degli investimenti agricoli. Il programma prevede, tra l'altro, la promozione di investimenti di diversificazione per consentire alle aziende agricole di creare ulteriori fonti di reddito. Questi includono macellerie e macelli.<\/p>\n\n\n\n<p>Inoltre, il Main-Kinzig-Kreis \u00e8 una regione modello dal 1\u00b0 gennaio 2021 e si \u00e8 quindi posta l'obiettivo di promuovere e ampliare la produzione, la trasformazione e la commercializzazione regionali dei prodotti agricoli.<\/p>\n\n\n\n<p>Nel settore zootecnico, il distretto \u00e8 in stretto contatto con le altre regioni modello dell'Assia e sostiene il progetto \"Bio-Weiderind\". In questo progetto, l'offerta di bestiame da pascolo delle aziende agricole biologiche dell'Assia deve essere raggruppata. L'obiettivo \u00e8 quello di alleggerire i produttori dall'onere della commercializzazione e di garantire che nella vendita si tenga conto dell'allevamento speciale di bovini biologici istituendo una nuova catena del valore.<\/p>\n\n\n\n<p><strong>Quante ispezioni sul trasporto di animali sono state effettuate dall'Ufficio veterinario nel 2020?<\/strong><\/p>\n\n\n\n<p><strong>a.&nbsp;&nbsp;&nbsp;&nbsp;&nbsp;&nbsp;&nbsp;<\/strong><strong>Quale percentuale di tutti i trasporti di animali effettuati nel Main-Kinzig-Kreis nel 2020 sono questi?<\/strong><\/p>\n\n\n\n<p><strong>b.&nbsp;&nbsp;&nbsp;&nbsp;&nbsp;&nbsp;<\/strong><strong>Quante violazioni del regolamento sul trasporto di animali sono state individuate?<\/strong><\/p>\n\n\n\n<p><strong>c.&nbsp;&nbsp;&nbsp;&nbsp;&nbsp;&nbsp;&nbsp;<\/strong><strong>Un aumento del numero di posti nell'ufficio veterinario comporterebbe un miglioramento percentuale?<\/strong><\/p>\n\n\n\n<p><strong>Risposta:<\/strong><\/p>\n\n\n\n<p>Nel 2020 non sono stati effettuati controlli sui trasporti a causa della mancanza di risorse umane. Inoltre, occorre tenere presente che il numero assoluto di trasporti non viene a conoscenza ufficiale, in quanto l'Ufficio per gli affari veterinari e la protezione dei consumatori viene a conoscenza solo di tali trasporti che trasportano bestiame o animali da compagnia commerciali e attraversano le frontiere nazionali quando l'inizio o la destinazione del trasporto si trova nel distretto di Main-Kinzig.<\/p>\n\n\n\n<p>Un aumento del personale veterinario necessario consentirebbe all'Ufficio per la protezione veterinaria e dei consumatori di effettuare controlli significativi sui trasporti.<\/p>\n\n\n\n<p><strong>L'uso o l'acquisto di un macello mobile non era desiderato dal Main-Kinzig-Kreis. In questo caso, il diritto dell'UE sarebbe contrario a un dispiegamento, ha affermato all'epoca nella relazione. A Wetterau, insieme all'iniziativa \"Extrawurst\", \u00e8 stato realizzato un macello mobile e vi \u00e8 anche un agricoltore che gestisce un macello mobile per pollame, anch'esso sostenuto, tra l'altro, dall'UE.<\/strong><\/p>\n\n\n\n<p><strong>a.&nbsp;&nbsp;&nbsp;&nbsp;&nbsp;&nbsp;<\/strong><strong>Quali altre direttive o requisiti dell'UE si applicano nel Wetteraukreis che consentono di utilizzarli l\u00ec?<\/strong><\/p>\n\n\n\n<p><strong>Se i requisiti di base sono gli stessi: Qual \u00e8 il motivo per cui l'amministrazione non acquista un macello mobile?<\/strong><\/p>\n\n\n\n<p><strong>Se i requisiti di base non sono gli stessi: Quali misure dovrebbero essere adottate per realizzare un macello mobile nel distretto?<\/strong><\/p>\n\n\n\n<p><strong>Risposta:<\/strong><\/p>\n\n\n\n<p>Nel 2021 la situazione giuridica in tutta Europa \u00e8 cambiata. Uno dei \u2018considerando\u2019 del regolamento (CE) n. 853\/2004 cos\u00ec recita:<\/p>\n\n\n\n<p>\"Migliorare il benessere degli animali \u00e8 una delle misure proposte dalla Commissione nella sua strategia \"Dal produttore al consumatore\" per un sistema alimentare equo, sano e rispettoso dell'ambiente nell'ambito del Green Deal europeo. In particolare, le abitudini di consumo della carne sono cambiate e il Parlamento europeo, gli agricoltori e i consumatori chiedono sempre pi\u00f9 spesso di consentire la macellazione di determinati ungulati domestici nell'azienda di origine al fine di evitare possibili problemi di benessere degli animali nella raccolta e nel trasporto di tali animali.\"<\/p>\n\n\n\n<p>Dal 9 settembre 2021, pertanto, \u00e8 in vigore una deroga che \"consente la macellazione di bovini domestici (ad eccezione del bisonte), suini domestici e cavalli nell'azienda di origine qualora sussistano rischi in termini di sicurezza sul lavoro e benessere degli animali dovuti al trasporto degli animali al macello. Il numero di animali da macellare per operazione di macellazione \u00e8 limitato a un massimo di tre bovini, a un massimo di sei suini o a un massimo di tre cavalli.<a href=\"https:\/\/sessionnet.krz.de\/main-kinzig\/bi\/vo0050.asp?__kvonr=21857#_ftn1\" target=\"_blank\" rel=\"noreferrer noopener\"><sup>[1]<\/sup><\/a>\"In questo contesto \u00e8 effettuata una macellazione parzialmente mobile. Le unit\u00e0 mobili di macellazione sono sottoposte a una prova attitudinale da parte del Regierungspr\u00e4sidium Kassel in qualit\u00e0 di organismo competente. Con l'esistenza, tali unit\u00e0 mobili possono essere utilizzate o utilizzate alternativamente da diverse aziende. Ci\u00f2 si traduce in un elevato grado di flessibilit\u00e0, che all'epoca non era disponibile nel progetto modello \"Extrawurst\". In questo caso, l'unit\u00e0 mobile faceva parte di un macello dell'UE riconosciuto.<\/p>","protected":false},"excerpt":{"rendered":"<p>Oggetto della questione: Il distretto di Main-Kinzig \u00e8 una regione eco-modello dal 2021. La produzione di alimenti biologici e, soprattutto, regionali \u00e8 da promuovere e rappresenta una [...]<\/p>","protected":false},"author":-1,"featured_media":0,"comment_status":"open","ping_status":"open","sticky":false,"template":"","format":"standard","meta":{"footnotes":""},"categories":[9],"tags":[],"class_list":["post-513","post","type-post","status-publish","format-standard","hentry","category-antraege-und-anfragen"],"_links":{"self":[{"href":"https:\/\/www.gruene-mkk.de\/it\/wp-json\/wp\/v2\/posts\/513","targetHints":{"allow":["GET"]}}],"collection":[{"href":"https:\/\/www.gruene-mkk.de\/it\/wp-json\/wp\/v2\/posts"}],"about":[{"href":"https:\/\/www.gruene-mkk.de\/it\/wp-json\/wp\/v2\/types\/post"}],"author":[{"embeddable":true,"href":"https:\/\/www.gruene-mkk.de\/it\/wp-json\/wp\/v2\/users\/2"}],"replies":[{"embeddable":true,"href":"https:\/\/www.gruene-mkk.de\/it\/wp-json\/wp\/v2\/comments?post=513"}],"version-history":[{"count":1,"href":"https:\/\/www.gruene-mkk.de\/it\/wp-json\/wp\/v2\/posts\/513\/revisions"}],"predecessor-version":[{"id":514,"href":"https:\/\/www.gruene-mkk.de\/it\/wp-json\/wp\/v2\/posts\/513\/revisions\/514"}],"wp:attachment":[{"href":"https:\/\/www.gruene-mkk.de\/it\/wp-json\/wp\/v2\/media?parent=513"}],"wp:term":[{"taxonomy":"category","embeddable":true,"href":"https:\/\/www.gruene-mkk.de\/it\/wp-json\/wp\/v2\/categories?post=513"},{"taxonomy":"post_tag","embeddable":true,"href":"https:\/\/www.gruene-mkk.de\/it\/wp-json\/wp\/v2\/tags?post=513"}],"curies":[{"name":"wp","href":"https:\/\/api.w.org\/{rel}","templated":true}]}}