{"id":478,"date":"2021-11-24T13:29:45","date_gmt":"2021-11-24T12:29:45","guid":{"rendered":"https:\/\/www.alles-bleibt-anders.org\/?p=478"},"modified":"2021-11-24T13:29:46","modified_gmt":"2021-11-24T12:29:46","slug":"gruene-kreistagsfraktion-bespricht-bei-haushaltsklausur-schwerpunkte-fuer-das-jahr-2022","status":"publish","type":"post","link":"https:\/\/www.gruene-mkk.de\/it\/gruene-kreistagsfraktion-bespricht-bei-haushaltsklausur-schwerpunkte-fuer-das-jahr-2022\/","title":{"rendered":"Il gruppo parlamentare verde discute le priorit\u00e0 per il 2022 nei negoziati sul bilancio"},"content":{"rendered":"<h2 class=\"wp-block-heading\"><strong>Idee innovative per il Main-Kinzig-Kreis<\/strong><\/h2>\n\n\n\n<p>\"Siamo ben posizionati per i prossimi anni\", afferma Reiner Bousonville, leader del gruppo parlamentare dei Verdi. Per un fine settimana incentrato sul prossimo budget, il Gruppo si \u00e8 riunito a Bad Soden-Salm\u00fcnster a 2g pi\u00f9 condizioni per discutere le cifre e le priorit\u00e0 tematiche del cerchio.<\/p>\n\n\n\n<p>\"Con i nostri 17 rappresentanti, possiamo essere il pi\u00f9 grande gruppo verde dal nostro inizio politico nel distretto di Main-Kinzig\", ha dichiarato il presidente del gruppo: \"\u00c8 quindi tanto pi\u00f9 importante discutere e valutare gli attuali eventi politici del circolo in scambi regolari e intensi. Ci\u00f2 ha dimostrato ancora una volta che vogliamo far progredire e migliorare il nostro distretto con grande motivazione.\"<\/p>\n\n\n\n<p>Un fattore importante in questo contesto \u00e8 l'uso dei fondi circolari nel bilancio 2022: \"In quanto principale partito di opposizione, dobbiamo analizzare in dettaglio le cifre presentate. Questo \u00e8 stato il fulcro del nostro ritiro di due giorni.\"<\/p>\n\n\n\n<p>Durante la conversazione con il ciambellano del distretto e il suo vice, cos\u00ec come nella successiva discussione in seno al gruppo, era diventato evidente che i principali funzionari e la grande coalizione stanno fissando altre priorit\u00e0 per il distretto nei prossimi anni: \"Il bilancio \u00e8 un bilancio puramente amministrativo che non fornisce alcun impulso per le questioni importanti del prossimo periodo\", ha detto Bousonville. Solo il nuovo ufficio per la digitalizzazione si concentra sui temi futuri: \"C'\u00e8 poca o nessuna attenzione su questioni quali le piste ciclabili o la protezione del clima. 300 000 EUR all'anno per la costruzione di strade e piste ciclabili dimostrano chiaramente che il cerchio non intende incentivare i ciclisti se non creando concetti.\"<\/p>\n\n\n\n<p>Il tema della mobilit\u00e0 \u00e8 affrontato solo timidamente dal Kreisspitze: \"Allo stesso tempo, i comuni dovrebbero andare pi\u00f9 in profondit\u00e0 nelle loro tasche aumentando il prelievo distrettuale di due punti e quindi quasi al valore originario del 2020, mentre il distretto \u00e8 responsabile di un pesante onere sul proprio bilancio assumendo numerosi nuovi dipendenti pubblici\". Inoltre, mancano i fondi per la pianificazione e l'attuazione dell'accademia sanitaria: \"Nel bilancio calcolato in modo rigoroso non sono inclusi costi aggiuntivi dovuti a oneri imprevisti. Il fattore \"risparmio\" \u00e8 stato spostato in secondo piano.\"<\/p>\n\n\n\n<p>Il gruppo Kreistag si concentrer\u00e0 pertanto sulle proprie richieste per l'esercizio finanziario 2022: \"La Grande coalizione non \u00e8 caratterizzata da idee innovative, ma solo dalla pura gestione dell'esistente. Per il pi\u00f9 grande distretto dell'Assia, si tratta di un segnale fatale che la Grande coalizione intende continuare il suo percorso \"sempre in corso\" nel 2022. Noi, come Gruppo Verde, abbiamo elaborato numerose idee per queste elezioni locali al fine di far progredire il distretto e migliorare le condizioni di vita delle persone nel nostro distretto. Lo diremo chiaramente anche nel corso del dibattito sul bilancio.\"<\/p>\n\n\n\n<p>Bousonville spera quindi che i risultati dell'intensa consultazione di due giorni del gruppo parlamentare verde si rivolgano anche ai leader politici del distretto: \"Negli ultimi anni, le proposte di bilancio dell'opposizione sono sempre state respinte a causa della mancanza di denaro, mentre quest'anno, ad esempio, il distretto ha distribuito milioni di eccedenze ai comuni attraverso un bilancio suppletivo poco prima delle elezioni locali riducendo il prelievo distrettuale\", conclude Bousonville.<\/p>\n\n\n\n<p>Richieste di informazioni:<\/p>\n\n\n\n<p>Jakob M\u00e4hler<br>Amministratore delegato del gruppo<br>Alleanza 90 \/ I Verdi Main-Kinzig<br>06181\/61596<br>0176\/46763336<br>fraktion@gruene-mkk.deCategorie:<a href=\"https:\/\/gruene-main-kinzig.de\/kreistagsfraktion\/pressemitteilungen-aktuell\/presse-volltext\/kategorie\/fraktion-41\/article\/gruene-kreistagsfraktion-bespricht-bei-haushaltsklausur-schwerpunkte-fuer-das-jahr-2022\/\">fazione<\/a><a href=\"https:\/\/gruene-main-kinzig.de\/kreistagsfraktion\/pressemitteilungen-aktuell\/\">Precedente<\/a><\/p>","protected":false},"excerpt":{"rendered":"<p>Idee innovative per il distretto Main-Kinzig \"Siamo ben posizionati per i prossimi anni\", afferma Reiner Bousonville, leader del gruppo parlamentare dei Verdi. Per un fine settimana con il focus del prossimo budget incontrato [...]<\/p>","protected":false},"author":-1,"featured_media":479,"comment_status":"open","ping_status":"open","sticky":false,"template":"","format":"standard","meta":{"footnotes":""},"categories":[2],"tags":[],"class_list":["post-478","post","type-post","status-publish","format-standard","has-post-thumbnail","hentry","category-newskreistagsfraktion"],"_links":{"self":[{"href":"https:\/\/www.gruene-mkk.de\/it\/wp-json\/wp\/v2\/posts\/478","targetHints":{"allow":["GET"]}}],"collection":[{"href":"https:\/\/www.gruene-mkk.de\/it\/wp-json\/wp\/v2\/posts"}],"about":[{"href":"https:\/\/www.gruene-mkk.de\/it\/wp-json\/wp\/v2\/types\/post"}],"author":[{"embeddable":true,"href":"https:\/\/www.gruene-mkk.de\/it\/wp-json\/wp\/v2\/users\/2"}],"replies":[{"embeddable":true,"href":"https:\/\/www.gruene-mkk.de\/it\/wp-json\/wp\/v2\/comments?post=478"}],"version-history":[{"count":1,"href":"https:\/\/www.gruene-mkk.de\/it\/wp-json\/wp\/v2\/posts\/478\/revisions"}],"predecessor-version":[{"id":480,"href":"https:\/\/www.gruene-mkk.de\/it\/wp-json\/wp\/v2\/posts\/478\/revisions\/480"}],"wp:featuredmedia":[{"embeddable":true,"href":"https:\/\/www.gruene-mkk.de\/it\/wp-json\/wp\/v2\/media\/479"}],"wp:attachment":[{"href":"https:\/\/www.gruene-mkk.de\/it\/wp-json\/wp\/v2\/media?parent=478"}],"wp:term":[{"taxonomy":"category","embeddable":true,"href":"https:\/\/www.gruene-mkk.de\/it\/wp-json\/wp\/v2\/categories?post=478"},{"taxonomy":"post_tag","embeddable":true,"href":"https:\/\/www.gruene-mkk.de\/it\/wp-json\/wp\/v2\/tags?post=478"}],"curies":[{"name":"wp","href":"https:\/\/api.w.org\/{rel}","templated":true}]}}