{"id":3343,"date":"2026-03-16T13:16:38","date_gmt":"2026-03-16T12:16:38","guid":{"rendered":"https:\/\/www.gruene-mkk.de\/?p=3343"},"modified":"2026-03-16T13:17:11","modified_gmt":"2026-03-16T12:17:11","slug":"kommunalwahl-gruene-im-main-kinzig-kreis-zufrieden-starke-ergebnisse-fuer-neue-ortsverbaende-in-brachttal-und-jossgrund","status":"publish","type":"post","link":"https:\/\/www.gruene-mkk.de\/it\/kommunalwahl-gruene-im-main-kinzig-kreis-zufrieden-starke-ergebnisse-fuer-neue-ortsverbaende-in-brachttal-und-jossgrund\/","title":{"rendered":"Elezioni locali: Soddisfatti i Verdi nel distretto Main-Kinzig - ottimi risultati per le nuove associazioni locali a Brachttal e Jossgrund"},"content":{"rendered":"<p>I risultati preliminari delle elezioni locali del 15 marzo 2026 mostrano che B\u00fcndnis 90\/Die Gr\u00fcnen nel distretto di Main-Kinzig emerge dalle elezioni con un risultato solido. Particolarmente gratificante \u00e8 la performance delle associazioni locali appena fondate a Brachttal e Jossgrund l'anno scorso.<\/p>\n\n\n\n<p>Entrambe le associazioni locali hanno partecipato per la prima volta alle elezioni comunali e sono state in grado di ottenere un risultato considerevole dal loro punto di vista. Ci\u00f2 sottolinea il crescente interesse per le politiche verdi nelle zone rurali e il successo del lavoro di sviluppo dei membri locali impegnati.<\/p>\n\n\n\n<p>\"Il fatto che le nostre nuove associazioni locali a Brachttal e Jossgrund siano state in grado di ottenere un risultato cos\u00ec buono direttamente alla loro prima elezione \u00e8 un segnale forte\", spiega Philip Schinkel, portavoce di GR\u00dcNEN Main-Kinzig. \"Molti cittadini vogliono politiche che combinino azione per il clima, qualit\u00e0 della vita e sviluppo sostenibile, anche nelle comunit\u00e0 pi\u00f9 piccole.\"<\/p>\n\n\n\n<p>\"Ringraziamo sinceramente tutti gli elettori per la loro fiducia\", afferma Mahwish Iftikhar, leader dei Verdi nel distretto di Main-Kinzig. \"Il risultato \u00e8 un incentivo per noi a continuare a lavorare duramente per una protezione del clima coerente, comunit\u00e0 vivibili e sviluppo sostenibile nel distretto di Main-Kinzig. Il nostro obiettivo rimane una politica che si assume la responsabilit\u00e0 ambientale, garantendo nel contempo opportunit\u00e0 eque, partecipazione e buone condizioni di vita per tutte le persone nel distretto di Main-Kinzig.\"<\/p>\n\n\n\n<p>I risultati ufficiali finali dell'enumerazione sono ancora in sospeso. B\u00fcndnis 90\/Die Gr\u00fcnen Main-Kinzig li valuter\u00e0 attentamente e, insieme ai rappresentanti neoeletti, preparer\u00e0 i prossimi passi per il lavoro politico locale dei prossimi anni.<\/p>","protected":false},"excerpt":{"rendered":"<p>I risultati preliminari delle elezioni locali del 15 marzo 2026 mostrano che B\u00fcndnis 90\/Die Gr\u00fcnen nel distretto di Main-Kinzig emerge dalle elezioni con un risultato solido. Particolarmente piacevole \u00e8 la performance [\u2026]<\/p>","protected":false},"author":-1,"featured_media":0,"comment_status":"closed","ping_status":"open","sticky":true,"template":"","format":"standard","meta":{"footnotes":""},"categories":[1],"tags":[],"class_list":["post-3343","post","type-post","status-publish","format-standard","hentry","category-allgemein"],"_links":{"self":[{"href":"https:\/\/www.gruene-mkk.de\/it\/wp-json\/wp\/v2\/posts\/3343","targetHints":{"allow":["GET"]}}],"collection":[{"href":"https:\/\/www.gruene-mkk.de\/it\/wp-json\/wp\/v2\/posts"}],"about":[{"href":"https:\/\/www.gruene-mkk.de\/it\/wp-json\/wp\/v2\/types\/post"}],"author":[{"embeddable":true,"href":"https:\/\/www.gruene-mkk.de\/it\/wp-json\/wp\/v2\/users\/2"}],"replies":[{"embeddable":true,"href":"https:\/\/www.gruene-mkk.de\/it\/wp-json\/wp\/v2\/comments?post=3343"}],"version-history":[{"count":1,"href":"https:\/\/www.gruene-mkk.de\/it\/wp-json\/wp\/v2\/posts\/3343\/revisions"}],"predecessor-version":[{"id":3344,"href":"https:\/\/www.gruene-mkk.de\/it\/wp-json\/wp\/v2\/posts\/3343\/revisions\/3344"}],"wp:attachment":[{"href":"https:\/\/www.gruene-mkk.de\/it\/wp-json\/wp\/v2\/media?parent=3343"}],"wp:term":[{"taxonomy":"category","embeddable":true,"href":"https:\/\/www.gruene-mkk.de\/it\/wp-json\/wp\/v2\/categories?post=3343"},{"taxonomy":"post_tag","embeddable":true,"href":"https:\/\/www.gruene-mkk.de\/it\/wp-json\/wp\/v2\/tags?post=3343"}],"curies":[{"name":"wp","href":"https:\/\/api.w.org\/{rel}","templated":true}]}}