{"id":3338,"date":"2026-03-11T11:25:47","date_gmt":"2026-03-11T10:25:47","guid":{"rendered":"https:\/\/www.gruene-mkk.de\/?p=3338"},"modified":"2026-03-11T11:26:09","modified_gmt":"2026-03-11T10:26:09","slug":"mehr-schutz-fuer-frauen-gruene-podiumsdiskussion-mit-omid-nouripour-in-hanau","status":"publish","type":"post","link":"https:\/\/www.gruene-mkk.de\/it\/mehr-schutz-fuer-frauen-gruene-podiumsdiskussion-mit-omid-nouripour-in-hanau\/","title":{"rendered":"Pi\u00f9 protezione per le donne - Pannello VERDE con Omid Nouripour a Hanau"},"content":{"rendered":"<p>Sabato sera, 7 marzo 2026, pi\u00f9 di 60 parti interessate hanno accettato l'invito di B\u00fcndnis 90\/Die Gr\u00fcnen nel distretto di Main-Kinzig e ad Hanau per una tavola rotonda dal titolo \"Proteggere le donne: agire a livello locale, pensare a livello globale\". Insieme al membro assiano del Bundestag Omid Nouripour, il candidato sindaco di Hanau Sascha Feldes, il candidato principale per le elezioni distrettuali Mahwish Iftikhar, nonch\u00e9 Lea Kircher e Brigitte Machnitzke della Frauenhaus W\u00e4chtersbach, i partecipanti hanno discusso strategie per combattere efficacemente la violenza contro le donne e migliorare i rifugi.<\/p>\n\n\n\n<p>L'attenzione si \u00e8 concentrata sulle sfide urgenti: ostacoli burocratici nella ri-registrazione, nelle domande di assegni familiari o di sussidi ai cittadini, mancanza di disponibilit\u00e0 di alloggi e spesso soggiorni troppo lunghi nei rifugi per donne esistenti. Soprattutto nelle zone rurali, come W\u00e4chtersbach, la mancanza di infrastrutture e i trasporti pubblici limitati rendono pi\u00f9 difficile l'accesso alla protezione.<\/p>\n\n\n\n<p>Omid Nouripour ha sottolineato che la violenza contro le donne non dovrebbe essere intesa come un \"problema femminile\", ma come una responsabilit\u00e0 per la societ\u00e0 nel suo complesso. Ha fatto appello sia agli uomini che alla societ\u00e0 nel suo complesso a non vedere l'uguaglianza esclusivamente come una questione femminile e ha fatto riferimento a modelli internazionali come lo sciopero delle donne in Islanda.<\/p>\n\n\n\n<p>Sascha Feldes ha sottolineato l'importanza dell'istruzione, della prevenzione e dei contatti diretti per i centri di accoglienza per le donne nei comuni al fine di proteggere meglio le donne. Mahwish Iftikhar ha sottolineato l'importanza di prendere sul serio la protezione delle donne e di concentrarsi anche su questioni materiali come l'alloggio e il finanziamento sicuro per i rifugi delle donne.<\/p>\n\n\n\n<p>I rappresentanti del rifugio femminile W\u00e4chtersbach hanno chiarito che la violenza domestica \u00e8 un problema per la societ\u00e0 nel suo complesso, che attraversa tutti gli strati sociali, e hanno sottolineato che anche un gran numero di bambini sono colpiti. La parit\u00e0 tra donne e uomini deve continuare ad essere attuata in modo coerente. Un rifugio per donne completamente finanziato \u00e8 un passo fondamentale per garantire protezione e sicurezza per tutti.<\/p>\n\n\n\n<p>Dalla discussione \u00e8 emerso chiaramente quanto segue: Per promuovere l'uguaglianza e la sicurezza delle donne, la politica, la societ\u00e0 e l'amministrazione devono lavorare insieme, sensibilizzare e abbattere le barriere strutturali. Con politiche chiare, sostegno strutturale e sensibilizzazione, Green Main-Kinzig e Hanau vogliono rafforzare ulteriormente la protezione delle donne, per un futuro sicuro per tutti sul campo.<\/p>","protected":false},"excerpt":{"rendered":"<p>Sabato sera, 7 marzo 2026, pi\u00f9 di 60 parti interessate hanno accettato l'invito di B\u00fcndnis 90\/Die Gr\u00fcnen nel Main-Kinzig-Kreis e ad Hanau per una tavola rotonda dal titolo \"Proteggere le donne \u2013 [\u2026]<\/p>","protected":false},"author":-1,"featured_media":3339,"comment_status":"closed","ping_status":"open","sticky":true,"template":"","format":"standard","meta":{"footnotes":""},"categories":[1],"tags":[],"class_list":["post-3338","post","type-post","status-publish","format-standard","has-post-thumbnail","hentry","category-allgemein"],"_links":{"self":[{"href":"https:\/\/www.gruene-mkk.de\/it\/wp-json\/wp\/v2\/posts\/3338","targetHints":{"allow":["GET"]}}],"collection":[{"href":"https:\/\/www.gruene-mkk.de\/it\/wp-json\/wp\/v2\/posts"}],"about":[{"href":"https:\/\/www.gruene-mkk.de\/it\/wp-json\/wp\/v2\/types\/post"}],"author":[{"embeddable":true,"href":"https:\/\/www.gruene-mkk.de\/it\/wp-json\/wp\/v2\/users\/2"}],"replies":[{"embeddable":true,"href":"https:\/\/www.gruene-mkk.de\/it\/wp-json\/wp\/v2\/comments?post=3338"}],"version-history":[{"count":1,"href":"https:\/\/www.gruene-mkk.de\/it\/wp-json\/wp\/v2\/posts\/3338\/revisions"}],"predecessor-version":[{"id":3340,"href":"https:\/\/www.gruene-mkk.de\/it\/wp-json\/wp\/v2\/posts\/3338\/revisions\/3340"}],"wp:featuredmedia":[{"embeddable":true,"href":"https:\/\/www.gruene-mkk.de\/it\/wp-json\/wp\/v2\/media\/3339"}],"wp:attachment":[{"href":"https:\/\/www.gruene-mkk.de\/it\/wp-json\/wp\/v2\/media?parent=3338"}],"wp:term":[{"taxonomy":"category","embeddable":true,"href":"https:\/\/www.gruene-mkk.de\/it\/wp-json\/wp\/v2\/categories?post=3338"},{"taxonomy":"post_tag","embeddable":true,"href":"https:\/\/www.gruene-mkk.de\/it\/wp-json\/wp\/v2\/tags?post=3338"}],"curies":[{"name":"wp","href":"https:\/\/api.w.org\/{rel}","templated":true}]}}