{"id":2582,"date":"2025-01-08T15:14:57","date_gmt":"2025-01-08T14:14:57","guid":{"rendered":"https:\/\/www.gruene-mkk.de\/?p=2582"},"modified":"2025-01-08T15:14:59","modified_gmt":"2025-01-08T14:14:59","slug":"waehl-liebe-kampagne-fuer-vielfalt-und-demokratie","status":"publish","type":"post","link":"https:\/\/www.gruene-mkk.de\/it\/waehl-liebe-kampagne-fuer-vielfalt-und-demokratie\/","title":{"rendered":"Scegli l'amore: Campagna per la Diversit\u00e0 e la Democrazia"},"content":{"rendered":"<p>Queer* Main-Kinzig e.V. \u00e8 il primo firmatario a sostenere la campagna nazionale \"Vote for Love\" del movimento CSD in vista delle elezioni del Bundestag. L'obiettivo \u00e8 sensibilizzare gli elettori sui diritti della comunit\u00e0 queer e rafforzare i partiti democratici che sostengono la diversit\u00e0, la tolleranza e l'uguaglianza.<\/p>\n\n\n\n<p>Siamo rappresentati con uno stand e vi invitiamo a entrare a far parte di questa importante azione. Si prega di registrarsi per un servizio di stand utilizzando il seguente modulo: <a href=\"https:\/\/termite.gruene.de\/invite\/ge50ndxS0Yr7\">https:\/\/termite.gruene.de\/invite\/ge50ndxS0Yr7<\/a><\/p>","protected":false},"excerpt":{"rendered":"<p>Queer* Main-Kinzig e.V. \u00e8 il primo firmatario a sostenere la campagna nazionale \"Vote for Love\" del movimento CSD in vista delle elezioni del Bundestag. L'obiettivo \u00e8 quello di rendere gli elettori consapevoli dei diritti della comunit\u00e0 queer [...]<\/p>","protected":false},"author":-1,"featured_media":0,"comment_status":"closed","ping_status":"open","sticky":false,"template":"","format":"standard","meta":{"footnotes":""},"categories":[1],"tags":[],"class_list":["post-2582","post","type-post","status-publish","format-standard","hentry","category-allgemein"],"_links":{"self":[{"href":"https:\/\/www.gruene-mkk.de\/it\/wp-json\/wp\/v2\/posts\/2582","targetHints":{"allow":["GET"]}}],"collection":[{"href":"https:\/\/www.gruene-mkk.de\/it\/wp-json\/wp\/v2\/posts"}],"about":[{"href":"https:\/\/www.gruene-mkk.de\/it\/wp-json\/wp\/v2\/types\/post"}],"author":[{"embeddable":true,"href":"https:\/\/www.gruene-mkk.de\/it\/wp-json\/wp\/v2\/users\/2"}],"replies":[{"embeddable":true,"href":"https:\/\/www.gruene-mkk.de\/it\/wp-json\/wp\/v2\/comments?post=2582"}],"version-history":[{"count":1,"href":"https:\/\/www.gruene-mkk.de\/it\/wp-json\/wp\/v2\/posts\/2582\/revisions"}],"predecessor-version":[{"id":2583,"href":"https:\/\/www.gruene-mkk.de\/it\/wp-json\/wp\/v2\/posts\/2582\/revisions\/2583"}],"wp:attachment":[{"href":"https:\/\/www.gruene-mkk.de\/it\/wp-json\/wp\/v2\/media?parent=2582"}],"wp:term":[{"taxonomy":"category","embeddable":true,"href":"https:\/\/www.gruene-mkk.de\/it\/wp-json\/wp\/v2\/categories?post=2582"},{"taxonomy":"post_tag","embeddable":true,"href":"https:\/\/www.gruene-mkk.de\/it\/wp-json\/wp\/v2\/tags?post=2582"}],"curies":[{"name":"wp","href":"https:\/\/api.w.org\/{rel}","templated":true}]}}