{"id":238,"date":"2021-10-28T14:38:00","date_gmt":"2021-10-28T12:38:00","guid":{"rendered":"https:\/\/www.alles-bleibt-anders.org\/?p=238"},"modified":"2021-11-12T19:43:03","modified_gmt":"2021-11-12T18:43:03","slug":"mit-viel-energie-und-frischem-wind-in-die-naechsten-zwei-jahre","status":"publish","type":"post","link":"https:\/\/www.gruene-mkk.de\/it\/mit-viel-energie-und-frischem-wind-in-die-naechsten-zwei-jahre\/","title":{"rendered":"Con molta energia e vento fresco nei prossimi due anni"},"content":{"rendered":"<p><em>Il Kreisverband B\u00fcndnis 90\/Die Gr\u00fcnen Main-Kinzig elegge un nuovo consiglio di amministrazione in occasione di un'assemblea generale a Langenselbold<\/em>.<\/p>\n\n\n\n<!--more-->\n\n\n\n<p>\"Ci sono stati due anni movimentati con importanti campagne elettorali alle spalle in cui il numero di membri del Partito Verde nel distretto di Main-Kinzig \u00e8 aumentato bruscamente\", ha detto G\u00fcnther Koch, l'ex portavoce del consiglio, nella sua revisione del lavoro del consiglio in una riunione del Partito Verde a Main-Kinzig nella Klosterberghalle a Langenselbold. \"Attraverso il lavoro costruttivo del consiglio di amministrazione, abbiamo collettivamente padroneggiato le sfide associate e sfruttato le opportunit\u00e0 per lo sviluppo dell'associazione distrettuale\", afferma Koch.<\/p>\n\n\n\n<p>Nonostante le difficili condizioni durante la pandemia di coronavirus, vari eventi dei membri del distretto potrebbero svolgersi di persona e online con vari ospiti dei gruppi parlamentari federali e statali dei Verdi. E l'obiettivo auto-imposto dal consiglio di amministrazione negli ultimi anni di essere pi\u00f9 fortemente rappresentato nel distretto orientale Main-Kinzig si \u00e8 anche avvicinato un po 'con tre associazioni locali di nuova fondazione a W\u00e4chtersbach, Biebergem\u00fcnd e Bad Orb.<\/p>\n\n\n\n<p>G\u00fcnther Koch, G\u00fcl\u00fcmser Tanta-Yalcin e Achim Kreis del consiglio precedente non si sono pi\u00f9 candidati alle elezioni. Per lei, Maria Heider di Bad Orb, Knut Kiesel e Ahmet Cetiner, entrambi di Maintal, sono stati recentemente eletti nel consiglio di amministrazione. Joachim Nickel (Hanau) \u00e8 stato confermato tesoriere distrettuale. Anche Viola Ha\u00dfdenteufel (Nidderau) e Sandra Gerbert (Hammersbach) hanno ricevuto ancora una volta la fiducia dei membri per il loro lavoro nel comitato esecutivo nei prossimi due anni. Oltre ai membri eletti, Reiner Bousonville come presidente del gruppo parlamentare distrettuale e Jakob M\u00e4hler del consiglio della Green Youth Main-Kinzig siedono nel consiglio distrettuale.<\/p>\n\n\n\n<p>\"Vorremmo ringraziare G\u00fcnther Koch, G\u00fcl\u00fcmser Tanta-Yalcin e Achim Kreis per il loro impegno e la grande collaborazione\", ha dichiarato Viola Ha\u00dfdenteufel. \"E non vediamo l'ora di una buona cooperazione nel consiglio neoeletto, che certamente dar\u00e0 origine a molte idee su come posizionare bene il Main-Kinzig verde in futuro per il lavoro nel distretto, nei singoli comuni e per le prossime campagne elettorali\".<\/p>\n\n\n\n<p>Il nuovo consiglio distrettuale si \u00e8 riunito nelle immediate vicinanze della riunione dei membri del distretto per la sua prima riunione. Nelle prossime settimane, tra le altre cose, nominer\u00e0 una portavoce e un oratore e fisser\u00e0 i suoi obiettivi per i prossimi anni durante un ritiro. L'espansione dell'associazione distrettuale nel distretto orientale Main-Kinzig, nonch\u00e9 l'acquisizione di membri e il networking continueranno a svolgere un ruolo importante nei prossimi anni.<\/p>\n\n\n\n<p><\/p>\n\n\n\n<p><em>Immagine: privato; da sinistra a destra Knut Kiesel, Jakob M\u00e4hler, Viola Ha\u00dfdenteufel, Achim Kreis, Maria Heider, Reiner Bousonville, Ahmet Cetiner (scomparsa Sandra Gerbert)<\/em><\/p>","protected":false},"excerpt":{"rendered":"<p>Il Kreisverband B\u00fcndnis 90\/Die Gr\u00fcnen Main-Kinzig elegge un nuovo consiglio di amministrazione in occasione di un'assemblea generale a Langenselbold.<\/p>","protected":false},"author":-1,"featured_media":239,"comment_status":"open","ping_status":"open","sticky":false,"template":"","format":"standard","meta":{"footnotes":""},"categories":[1],"tags":[],"class_list":["post-238","post","type-post","status-publish","format-standard","has-post-thumbnail","hentry","category-allgemein"],"_links":{"self":[{"href":"https:\/\/www.gruene-mkk.de\/it\/wp-json\/wp\/v2\/posts\/238","targetHints":{"allow":["GET"]}}],"collection":[{"href":"https:\/\/www.gruene-mkk.de\/it\/wp-json\/wp\/v2\/posts"}],"about":[{"href":"https:\/\/www.gruene-mkk.de\/it\/wp-json\/wp\/v2\/types\/post"}],"author":[{"embeddable":true,"href":"https:\/\/www.gruene-mkk.de\/it\/wp-json\/wp\/v2\/users\/2"}],"replies":[{"embeddable":true,"href":"https:\/\/www.gruene-mkk.de\/it\/wp-json\/wp\/v2\/comments?post=238"}],"version-history":[{"count":4,"href":"https:\/\/www.gruene-mkk.de\/it\/wp-json\/wp\/v2\/posts\/238\/revisions"}],"predecessor-version":[{"id":243,"href":"https:\/\/www.gruene-mkk.de\/it\/wp-json\/wp\/v2\/posts\/238\/revisions\/243"}],"wp:featuredmedia":[{"embeddable":true,"href":"https:\/\/www.gruene-mkk.de\/it\/wp-json\/wp\/v2\/media\/239"}],"wp:attachment":[{"href":"https:\/\/www.gruene-mkk.de\/it\/wp-json\/wp\/v2\/media?parent=238"}],"wp:term":[{"taxonomy":"category","embeddable":true,"href":"https:\/\/www.gruene-mkk.de\/it\/wp-json\/wp\/v2\/categories?post=238"},{"taxonomy":"post_tag","embeddable":true,"href":"https:\/\/www.gruene-mkk.de\/it\/wp-json\/wp\/v2\/tags?post=238"}],"curies":[{"name":"wp","href":"https:\/\/api.w.org\/{rel}","templated":true}]}}