{"id":2376,"date":"2024-09-20T11:53:45","date_gmt":"2024-09-20T09:53:45","guid":{"rendered":"https:\/\/www.gruene-mkk.de\/?p=2376"},"modified":"2024-09-20T11:53:57","modified_gmt":"2024-09-20T09:53:57","slug":"gruene-im-main-kinzig-kreis-nominieren-direktkandidatinnen-fuer-die-bundestagswahl-2025","status":"publish","type":"post","link":"https:\/\/www.gruene-mkk.de\/it\/gruene-im-main-kinzig-kreis-nominieren-direktkandidatinnen-fuer-die-bundestagswahl-2025\/","title":{"rendered":"I Verdi nel distretto di Main-Kinzig nominano candidati diretti per le elezioni federali del 2025"},"content":{"rendered":"<p>Nella loro assemblea generale del 19 settembre 2024, B\u00dcNDNIS 90\/DIE GR\u00dcNEN ha nominato i candidati diretti per le elezioni del Bundestag 2025 nell'associazione distrettuale Main-Kinzig. Philip Schinkel correr\u00e0 nella circoscrizione 174 (Main-Kinzig \u2013 Wetterau II \u2013 Schotten), mentre Mahwish Iftikhar correr\u00e0 per la circoscrizione 179 (Hanau).<\/p>\n\n\n\n<p>Philip Schinkel, che \u00e8 stato un rappresentante impegnato della politica verde nella regione per molti anni, anche come membro del consiglio di amministrazione dell'associazione locale di Bad Orb e dell'associazione distrettuale Main-Kinzig, \u00e8 grato per la fiducia riposta in lui: \"\u00c8 un grande onore per me candidarmi direttamente alla circoscrizione elettorale 174. Le sfide del nostro tempo sono enormi e non vedo l'ora di lavorare con i cittadini per trovare soluzioni per plasmare un futuro sostenibile e giusto.\"<\/p>\n\n\n\n<p>Mahwish Iftikhar, che \u00e8 anche appassionato di promuovere le questioni verdi, in particolare come portavoce per la politica della diversit\u00e0 per la giovent\u00f9 verde dell'Assia e come membro del parlamento distrettuale, vede la sua candidatura come un'importante opportunit\u00e0 per difendere le preoccupazioni della popolazione della regione: \"Non vedo l'ora di rappresentare il popolo del mio collegio elettorale nel Bundestag tedesco. Con determinazione, coraggio e fiducia, voglio lavorare con loro per costruire una societ\u00e0 sostenibile.\"<\/p>\n\n\n\n<p>L'elezione dei candidati diretti rappresenta un'importante pietra miliare sulla strada delle elezioni del Bundestag nel 2025. Nei prossimi mesi, Philip Schinkel e Mahwish Iftikhar si avvicineranno attivamente alle persone nel distretto di Main-Kinzig e oltre, al fine di comunicare gli obiettivi di Alliance 90\/The Greens e di entrare in dialogo con i cittadini.<\/p>\n\n\n\n<p>L'associazione distrettuale Main-Kinzig di B\u00dcNDNIS 90\/DIE GR\u00dcNEN attende con interesse una campagna elettorale impegnata e sosterr\u00e0 attivamente i suoi candidati.<\/p>","protected":false},"excerpt":{"rendered":"<p>Nella loro assemblea generale del 19 settembre 2024, B\u00dcNDNIS 90\/DIE GR\u00dcNEN ha nominato i candidati diretti per le elezioni del Bundestag 2025 nell'associazione distrettuale Main-Kinzig. Philip Schinkel si unisce alla circoscrizione 174 (Main-Kinzig - Wetterau [...]<\/p>","protected":false},"author":-1,"featured_media":2377,"comment_status":"closed","ping_status":"open","sticky":true,"template":"","format":"standard","meta":{"footnotes":""},"categories":[1],"tags":[],"class_list":["post-2376","post","type-post","status-publish","format-standard","has-post-thumbnail","hentry","category-allgemein"],"_links":{"self":[{"href":"https:\/\/www.gruene-mkk.de\/it\/wp-json\/wp\/v2\/posts\/2376","targetHints":{"allow":["GET"]}}],"collection":[{"href":"https:\/\/www.gruene-mkk.de\/it\/wp-json\/wp\/v2\/posts"}],"about":[{"href":"https:\/\/www.gruene-mkk.de\/it\/wp-json\/wp\/v2\/types\/post"}],"author":[{"embeddable":true,"href":"https:\/\/www.gruene-mkk.de\/it\/wp-json\/wp\/v2\/users\/2"}],"replies":[{"embeddable":true,"href":"https:\/\/www.gruene-mkk.de\/it\/wp-json\/wp\/v2\/comments?post=2376"}],"version-history":[{"count":1,"href":"https:\/\/www.gruene-mkk.de\/it\/wp-json\/wp\/v2\/posts\/2376\/revisions"}],"predecessor-version":[{"id":2379,"href":"https:\/\/www.gruene-mkk.de\/it\/wp-json\/wp\/v2\/posts\/2376\/revisions\/2379"}],"wp:featuredmedia":[{"embeddable":true,"href":"https:\/\/www.gruene-mkk.de\/it\/wp-json\/wp\/v2\/media\/2377"}],"wp:attachment":[{"href":"https:\/\/www.gruene-mkk.de\/it\/wp-json\/wp\/v2\/media?parent=2376"}],"wp:term":[{"taxonomy":"category","embeddable":true,"href":"https:\/\/www.gruene-mkk.de\/it\/wp-json\/wp\/v2\/categories?post=2376"},{"taxonomy":"post_tag","embeddable":true,"href":"https:\/\/www.gruene-mkk.de\/it\/wp-json\/wp\/v2\/tags?post=2376"}],"curies":[{"name":"wp","href":"https:\/\/api.w.org\/{rel}","templated":true}]}}