{"id":228,"date":"2021-10-11T15:28:00","date_gmt":"2021-10-11T13:28:00","guid":{"rendered":"https:\/\/www.alles-bleibt-anders.org\/?p=228"},"modified":"2021-11-12T19:29:55","modified_gmt":"2021-11-12T18:29:55","slug":"gruene-treffen-sich-in-brachttal","status":"publish","type":"post","link":"https:\/\/www.gruene-mkk.de\/it\/gruene-treffen-sich-in-brachttal\/","title":{"rendered":"I Verdi si incontrano a Brachttal"},"content":{"rendered":"<!--more-->\n\n\n\n<p>Venerd\u00ec scorso, il Kreisverband B\u00fcndnis 90\/Die Gr\u00fcnen Main-Kinzig (Alleanza 90\/The Greens Main-Kinzig) ha intrapreso un tour attraverso il distretto di Schlierbach con, tra gli altri, Markus Hofmann, membro del Green Landtag, e membri di Brachttal e delle comunit\u00e0 circostanti. Il comune aveva ricevuto un impegno nelle ultime settimane per sostenere il governo statale per lo sviluppo dei villaggi, che i Verdi hanno colto come un'opportunit\u00e0 per scambiare esigenze e opportunit\u00e0 per rendere luoghi come Brachttal pi\u00f9 attraenti per residenti e visitatori.<\/p>\n\n\n\n<p>All'inizio, i partecipanti hanno visitato il negozio \"LandGl\u00fcck\" nella vecchia fabbrica di ceramiche di W\u00e4chtersbach. \"La sostenibilit\u00e0 \u00e8 una parte importante del concetto per il nostro negozio\", ha spiegato Mona Frank, uno degli operatori del negozio, dove, oltre agli alimenti di Brachttal, i prodotti fatti a mano sono venduti direttamente da produttori di tutta la Germania. Anche il negozio di abbigliamento di seconda mano \"Pusteblume\" ha trovato posto nello spazioso negozio. \"Quando abbiamo riaperto il negozio con un nuovo nome a gennaio, volevamo anche fare riferimento alla fabbrica di ceramiche\", ha continuato Frank. \"Per questo motivo abbiamo aggiunto una collezione di ceramiche al nostro negozio.\"<\/p>\n\n\n\n<p>\"Gli altri edifici della vecchia fabbrica di ceramica sono in parte utilizzati come uffici e c'\u00e8 anche un bar nei locali\", ha spiegato Matthias Dorka, membro del Partito Verde a Brachttal. Alcune aree sono inutilizzate. L'ulteriore percorso ha portato oltre il campo sportivo, sentieri escursionistici e una struttura sociale. Lungo la strada, i partecipanti hanno imparato molto sulla storia della comunit\u00e0 dai Brachttalers presenti. I membri delle comunit\u00e0 circostanti, Biebergem\u00fcnd, W\u00e4chtersbach e Bad Orb, hanno discusso le sfide comuni nella manutenzione delle infrastrutture, come le cure mediche, e possibili progetti comuni.<\/p>\n\n\n\n<p>\"A Brachttal si possono vedere molte cose che stanno gi\u00e0 andando bene, ma anche molte potenzialit\u00e0 e sfide che noi Verdi vogliamo affrontare, specialmente nel distretto rurale Main-Kinzig\", ha detto Reiner Bousonville, membro del consiglio dei Verdi Main-Kinzig e presidente del gruppo, che ha anche preso parte alla riunione. \"Per essere in grado di far fronte a questo nell'interesse dei cittadini nei comuni, speriamo di ottenere pi\u00f9 membri a Brachttal e nei villaggi circostanti, come Bad Soden Salm\u00fcnster o Birstein\", ha detto Bousonville. Come opportunit\u00e0 di ulteriore scambio e come punto di contatto per le parti interessate, i Verdi organizzano una \"tavola rotonda verde\" a Brachttal il 3 novembre alle ore 19.00. Il punto di incontro \u00e8 \"WLC the Room\", Fabrikstra\u00dfe 12,63636 Brachttal-Schliebach. Gli interessati possono contattare l'associazione distrettuale del Main-Kinzig verde sotto <a href=\"#\" data-unscramble=\"ed.kkm-eneurg@vk\">kv@gruene-mkk.de<\/a> relazione.<\/p>","protected":false},"excerpt":{"rendered":"","protected":false},"author":-1,"featured_media":229,"comment_status":"open","ping_status":"open","sticky":false,"template":"","format":"standard","meta":{"footnotes":""},"categories":[4],"tags":[],"class_list":["post-228","post","type-post","status-publish","format-standard","has-post-thumbnail","hentry","category-newsortsverbaende"],"_links":{"self":[{"href":"https:\/\/www.gruene-mkk.de\/it\/wp-json\/wp\/v2\/posts\/228","targetHints":{"allow":["GET"]}}],"collection":[{"href":"https:\/\/www.gruene-mkk.de\/it\/wp-json\/wp\/v2\/posts"}],"about":[{"href":"https:\/\/www.gruene-mkk.de\/it\/wp-json\/wp\/v2\/types\/post"}],"author":[{"embeddable":true,"href":"https:\/\/www.gruene-mkk.de\/it\/wp-json\/wp\/v2\/users\/2"}],"replies":[{"embeddable":true,"href":"https:\/\/www.gruene-mkk.de\/it\/wp-json\/wp\/v2\/comments?post=228"}],"version-history":[{"count":1,"href":"https:\/\/www.gruene-mkk.de\/it\/wp-json\/wp\/v2\/posts\/228\/revisions"}],"predecessor-version":[{"id":230,"href":"https:\/\/www.gruene-mkk.de\/it\/wp-json\/wp\/v2\/posts\/228\/revisions\/230"}],"wp:featuredmedia":[{"embeddable":true,"href":"https:\/\/www.gruene-mkk.de\/it\/wp-json\/wp\/v2\/media\/229"}],"wp:attachment":[{"href":"https:\/\/www.gruene-mkk.de\/it\/wp-json\/wp\/v2\/media?parent=228"}],"wp:term":[{"taxonomy":"category","embeddable":true,"href":"https:\/\/www.gruene-mkk.de\/it\/wp-json\/wp\/v2\/categories?post=228"},{"taxonomy":"post_tag","embeddable":true,"href":"https:\/\/www.gruene-mkk.de\/it\/wp-json\/wp\/v2\/tags?post=228"}],"curies":[{"name":"wp","href":"https:\/\/api.w.org\/{rel}","templated":true}]}}