{"id":225,"date":"2021-10-06T11:26:00","date_gmt":"2021-10-06T09:26:00","guid":{"rendered":"https:\/\/www.alles-bleibt-anders.org\/?p=225"},"modified":"2021-11-12T19:27:53","modified_gmt":"2021-11-12T18:27:53","slug":"mehr-als-400-mitglieder-im-main-kinzig-kreis","status":"publish","type":"post","link":"https:\/\/www.gruene-mkk.de\/it\/mehr-als-400-mitglieder-im-main-kinzig-kreis\/","title":{"rendered":"Pi\u00f9 di 400 membri nel Main-Kinzig-Kreis"},"content":{"rendered":"<p>A settembre il Kreisverband B\u00fcndnis 90\/Die Gr\u00fcnen Main-Kinzig ha festeggiato il suo 400\u00b0 anniversario. I membri e anche da allora i membri vengono aggiunti ogni settimana. <\/p>\n\n\n\n<!--more-->\n\n\n\n<p>\"Siamo molto lieti che cos\u00ec tante persone siano interessate ai temi dei Verdi e siano disposte a impegnarsi politicamente\", ha detto G\u00fcnther Koch, portavoce del Consiglio dei Verdi Main-Kinzig.<\/p>\n\n\n\n<p>Il 400esimo. Membro del Partito dei Verdi \u00e8 Matthias Dorka di Brachttal. \"Volevo partecipare a una festa nel mio comune di Brachttal ma anche oltre. Con i Verdi, ho trovato la pi\u00f9 grande sovrapposizione con i miei interessi e le mie opinioni, il che mi ha portato a unirmi\", ha detto Dorka. Poco dopo la sua adesione, il nuovo membro era gi\u00e0 attivo nella campagna elettorale del Bundestag, appeso manifesti e volantini distribuiti nel suo distretto Schlierbach. Ora Dorka spera di trovare ancora pi\u00f9 compagni d'armi nella sua comunit\u00e0 e di rilanciare l'associazione locale dei Verdi.<\/p>\n\n\n\n<p>\"L'associazione distrettuale ama sostenere nuovi membri motivati per essere coinvolti al loro posto\", afferma Koch. \"Soprattutto nelle zone pi\u00f9 rurali del distretto orientale Main-Kinzig, vediamo un grande potenziale per portare ancora di pi\u00f9 le questioni verdi\". Tra le altre cose, il crescente numero di membri e i buoni risultati delle recenti elezioni nei comuni circostanti come W\u00e4chtersbach, Biebergem\u00fcnd e Bad Ob hanno chiarito che vi \u00e8 interesse e necessit\u00e0 di una politica municipale verde.<\/p>\n\n\n\n<p>Ma anche nelle pi\u00f9 grandi associazioni locali nel distretto occidentale di Main-Kinzig come Hanau, Maintal e Nidderau, il numero di membri continua ad aumentare anche dopo le elezioni federali. \"Siamo fiduciosi che presto avremo le nostre 500 unit\u00e0. I membri possono festeggiare\", afferma G\u00fcnther Koch. \"Nell'associazione distrettuale e nelle associazioni locali, stiamo ora cercando di coinvolgere i nuovi membri nel lavoro del partito nel miglior modo possibile, al fine di far avanzare ulteriormente questioni come la giustizia sociale e la protezione del clima a livello comunale e di essere ben posizionati per le future elezioni e campagne elettorali\".<\/p>","protected":false},"excerpt":{"rendered":"<p>A settembre il Kreisverband B\u00fcndnis 90\/Die Gr\u00fcnen Main-Kinzig ha festeggiato il suo 400\u00b0 anniversario. I membri e anche da allora i membri vengono aggiunti ogni settimana.<\/p>","protected":false},"author":-1,"featured_media":226,"comment_status":"open","ping_status":"open","sticky":false,"template":"","format":"standard","meta":{"footnotes":""},"categories":[1],"tags":[],"class_list":["post-225","post","type-post","status-publish","format-standard","has-post-thumbnail","hentry","category-allgemein"],"_links":{"self":[{"href":"https:\/\/www.gruene-mkk.de\/it\/wp-json\/wp\/v2\/posts\/225","targetHints":{"allow":["GET"]}}],"collection":[{"href":"https:\/\/www.gruene-mkk.de\/it\/wp-json\/wp\/v2\/posts"}],"about":[{"href":"https:\/\/www.gruene-mkk.de\/it\/wp-json\/wp\/v2\/types\/post"}],"author":[{"embeddable":true,"href":"https:\/\/www.gruene-mkk.de\/it\/wp-json\/wp\/v2\/users\/2"}],"replies":[{"embeddable":true,"href":"https:\/\/www.gruene-mkk.de\/it\/wp-json\/wp\/v2\/comments?post=225"}],"version-history":[{"count":1,"href":"https:\/\/www.gruene-mkk.de\/it\/wp-json\/wp\/v2\/posts\/225\/revisions"}],"predecessor-version":[{"id":227,"href":"https:\/\/www.gruene-mkk.de\/it\/wp-json\/wp\/v2\/posts\/225\/revisions\/227"}],"wp:featuredmedia":[{"embeddable":true,"href":"https:\/\/www.gruene-mkk.de\/it\/wp-json\/wp\/v2\/media\/226"}],"wp:attachment":[{"href":"https:\/\/www.gruene-mkk.de\/it\/wp-json\/wp\/v2\/media?parent=225"}],"wp:term":[{"taxonomy":"category","embeddable":true,"href":"https:\/\/www.gruene-mkk.de\/it\/wp-json\/wp\/v2\/categories?post=225"},{"taxonomy":"post_tag","embeddable":true,"href":"https:\/\/www.gruene-mkk.de\/it\/wp-json\/wp\/v2\/tags?post=225"}],"curies":[{"name":"wp","href":"https:\/\/api.w.org\/{rel}","templated":true}]}}