{"id":1963,"date":"2023-12-07T16:49:43","date_gmt":"2023-12-07T15:49:43","guid":{"rendered":"https:\/\/www.gruene-mkk.de\/?p=1963"},"modified":"2023-12-12T14:52:33","modified_gmt":"2023-12-12T13:52:33","slug":"thomas-gassen-und-anja-zeller-sind-neue-sprecher","status":"publish","type":"post","link":"https:\/\/www.gruene-mkk.de\/it\/thomas-gassen-und-anja-zeller-sind-neue-sprecher\/","title":{"rendered":"Thomas Gassen e Anja Zeller sono i nuovi speaker"},"content":{"rendered":"<p><em>Il consiglio distrettuale del Green Main-Kinzig elegge il nuovo capo \/ membri dell'Approccio<\/em><\/p>\n\n\n\n<div class=\"wp-block-media-text is-stacked-on-mobile is-vertically-aligned-top\"><figure class=\"wp-block-media-text__media\"><img loading=\"lazy\" decoding=\"async\" width=\"560\" height=\"1200\" src=\"https:\/\/www.gruene-mkk.de\/wp-content\/uploads\/2023\/12\/20231201_205715-560x1200.jpg\" alt=\"\" class=\"wp-image-1965 size-full\" srcset=\"https:\/\/www.gruene-mkk.de\/wp-content\/uploads\/2023\/12\/20231201_205715-560x1200.jpg 560w, https:\/\/www.gruene-mkk.de\/wp-content\/uploads\/2023\/12\/20231201_205715-280x600.jpg 280w, https:\/\/www.gruene-mkk.de\/wp-content\/uploads\/2023\/12\/20231201_205715-768x1645.jpg 768w, https:\/\/www.gruene-mkk.de\/wp-content\/uploads\/2023\/12\/20231201_205715-717x1536.jpg 717w, https:\/\/www.gruene-mkk.de\/wp-content\/uploads\/2023\/12\/20231201_205715-956x2048.jpg 956w, https:\/\/www.gruene-mkk.de\/wp-content\/uploads\/2023\/12\/20231201_205715-scaled.jpg 1196w\" sizes=\"auto, (max-width: 560px) 100vw, 560px\" \/><\/figure><div class=\"wp-block-media-text__content\">\n<p>Anja Zeller e Thomas Gassen sono i nuovi portavoce del Green District Board Main-Kinzig. Come parte del loro ritiro, entrambi sono stati eletti dai membri del consiglio.<\/p>\n\n\n\n<p>Dopo che il consiglio distrettuale si \u00e8 quasi completamente riposizionato nelle ultime elezioni, i membri si sono ora riuniti per la loro riunione di ritiro: \"Era importante per noi discutere le basi del lavoro del Consiglio e definire le nostre priorit\u00e0 per i prossimi due anni\", afferma Zeller e Gassen.<\/p>\n\n\n\n<p>Anja Zeller \u00e8 un politico esperto di Hanau, Thomas Gassen \u00e8 stato attivo nella politica locale a Gro\u00dfkrotzenburg per anni: \"Stiamo portando con noi questa esperienza politica, cos\u00ec come i nostri molti anni di lavoro con i Verdi, al fine di affrontare attivamente le grandi sfide dei prossimi anni\", sottolineano Zeller e Gassen: \"La libert\u00e0 del distretto di Hanau, le prossime elezioni locali e il passaggio a destra in alcune parti del distretto comportano nuovi compiti che dobbiamo affrontare insieme.\"<\/p>\n\n\n\n<p><\/p>\n<\/div><\/div>\n\n\n\n<p>Siamo lieti di assumere questo importante ed entusiasmante ruolo e di essere la voce della nostra associazione distrettuale verso il mondo esterno. Faremo del nostro meglio per ascoltare e rappresentare adeguatamente le preoccupazioni e le esigenze di tutte le associazioni e i membri locali. Insieme, possiamo portare un cambiamento positivo e raggiungere i nostri obiettivi verdi nel distretto di Main-Kinzig. Vorremmo esprimere i nostri sinceri ringraziamenti per la fiducia riposta in noi dal consiglio distrettuale. Stiamo entrando nel nostro nuovo ruolo con grande motivazione e non vediamo l'ora di iniziare ora.\"<\/p>\n\n\n\n<p>Anja Zeller \u00e8 un politico esperto di Hanau, Thomas Gassen \u00e8 stato attivo nella politica locale a Gro\u00dfkrotzenburg per anni: \"Stiamo portando con noi questa esperienza politica, cos\u00ec come i nostri molti anni di lavoro con i Verdi, al fine di affrontare attivamente le grandi sfide dei prossimi anni\", sottolineano Zeller e Gassen: \"La libert\u00e0 del distretto di Hanau, le prossime elezioni locali e il passaggio a destra in alcune parti del distretto portano nuovi compiti che dobbiamo affrontare insieme\". Siamo lieti di assumere questo ruolo importante ed entusiasmante e di essere la voce della nostra associazione distrettuale verso il mondo esterno. Faremo del nostro meglio per ascoltare e rappresentare adeguatamente le preoccupazioni e le esigenze di tutte le associazioni e i membri locali. Insieme, possiamo portare un cambiamento positivo e raggiungere i nostri obiettivi verdi nel distretto di Main-Kinzig. Vorremmo esprimere i nostri sinceri ringraziamenti per la fiducia riposta in noi dal consiglio distrettuale. Entriamo nel nostro nuovo compito con grande motivazione e<\/p>","protected":false},"excerpt":{"rendered":"<p>Anja Zeller e Thomas Gassen sono i nuovi portavoce del Green District Board Main-Kinzig. Nel corso del loro ritiro, entrambi [...]<\/p>","protected":false},"author":-1,"featured_media":0,"comment_status":"closed","ping_status":"open","sticky":true,"template":"","format":"standard","meta":{"footnotes":""},"categories":[1],"tags":[],"class_list":["post-1963","post","type-post","status-publish","format-standard","hentry","category-allgemein"],"_links":{"self":[{"href":"https:\/\/www.gruene-mkk.de\/it\/wp-json\/wp\/v2\/posts\/1963","targetHints":{"allow":["GET"]}}],"collection":[{"href":"https:\/\/www.gruene-mkk.de\/it\/wp-json\/wp\/v2\/posts"}],"about":[{"href":"https:\/\/www.gruene-mkk.de\/it\/wp-json\/wp\/v2\/types\/post"}],"author":[{"embeddable":true,"href":"https:\/\/www.gruene-mkk.de\/it\/wp-json\/wp\/v2\/users\/2"}],"replies":[{"embeddable":true,"href":"https:\/\/www.gruene-mkk.de\/it\/wp-json\/wp\/v2\/comments?post=1963"}],"version-history":[{"count":2,"href":"https:\/\/www.gruene-mkk.de\/it\/wp-json\/wp\/v2\/posts\/1963\/revisions"}],"predecessor-version":[{"id":1967,"href":"https:\/\/www.gruene-mkk.de\/it\/wp-json\/wp\/v2\/posts\/1963\/revisions\/1967"}],"wp:attachment":[{"href":"https:\/\/www.gruene-mkk.de\/it\/wp-json\/wp\/v2\/media?parent=1963"}],"wp:term":[{"taxonomy":"category","embeddable":true,"href":"https:\/\/www.gruene-mkk.de\/it\/wp-json\/wp\/v2\/categories?post=1963"},{"taxonomy":"post_tag","embeddable":true,"href":"https:\/\/www.gruene-mkk.de\/it\/wp-json\/wp\/v2\/tags?post=1963"}],"curies":[{"name":"wp","href":"https:\/\/api.w.org\/{rel}","templated":true}]}}