{"id":1467,"date":"2022-11-21T11:51:00","date_gmt":"2022-11-21T10:51:00","guid":{"rendered":"https:\/\/www.gruene-mkk.de\/?p=1467"},"modified":"2022-11-21T11:51:01","modified_gmt":"2022-11-21T10:51:01","slug":"gruene-nidderau-tagen-in-rueckersbach","status":"publish","type":"post","link":"https:\/\/www.gruene-mkk.de\/it\/gruene-nidderau-tagen-in-rueckersbach\/","title":{"rendered":"Il Nidderau verde si incontra a R\u00fcckersbach"},"content":{"rendered":"<p>Alla fine di ottobre, la fazione dei Verdi di Nidderauer e interessata all'associazione locale del<br>Conferenza nella Casa dei Seminari di R\u00fcckersbach.<br>Il tema era il bilancio urbano 2023\/2024. Molto lavoro \u00e8 stato fatto, discusso e messo in discussione. Quali progetti vogliamo promuovere per i Verdi? Dove si pu\u00f2 salvare qualcosa? Quali progetti sono la nostra priorit\u00e0? C'era molto da fare.<br>Dopo intense discussioni, sono state raccolte diverse proposte per il nuovo bilancio. Ad esempio, il programma di investimenti deve includere annualmente fondi per la ristrutturazione efficiente sotto il profilo energetico degli edifici urbani. \"La riduzione dei gas serra nocivi attraverso misure di isolamento termico e il passaggio dai riscaldatori a combustione alle pompe di calore devono avvenire rapidamente\", spiega Tanja Seelbach, portavoce del consiglio di amministrazione di Nidderauer GR\u00dcNEN. Ulteriori applicazioni previste dovrebbero essere effettuate per migliorare le infrastrutture ciclabili e i terreni non sigillati. \"Ci\u00f2 \u00e8 destinato anche a ridurre le emissioni di CO2 e a consentire la lisciviazione delle acque piovane. Si tratta di compiti urgenti ai nostri tempi\", continua Seelbach.<br>Il soggiorno a R\u00fcckersbach \u00e8 servito anche per trascorrere un po 'pi\u00f9 di tempo insieme.<br>Trascorrere del tempo scambiando idee e gustando l'eccellente cucina di R\u00fcckersbach<br>Per essere coccolati.<\/p>","protected":false},"excerpt":{"rendered":"<p>Alla fine di ottobre, la fazione dei Verdi di Nidderauer e interessata all'associazione locale del<br \/>\nConferenza nella Casa dei Seminari di R\u00fcckersbach.<\/p>","protected":false},"author":-1,"featured_media":1468,"comment_status":"closed","ping_status":"open","sticky":false,"template":"","format":"standard","meta":{"footnotes":""},"categories":[1],"tags":[],"class_list":["post-1467","post","type-post","status-publish","format-standard","has-post-thumbnail","hentry","category-allgemein"],"_links":{"self":[{"href":"https:\/\/www.gruene-mkk.de\/it\/wp-json\/wp\/v2\/posts\/1467","targetHints":{"allow":["GET"]}}],"collection":[{"href":"https:\/\/www.gruene-mkk.de\/it\/wp-json\/wp\/v2\/posts"}],"about":[{"href":"https:\/\/www.gruene-mkk.de\/it\/wp-json\/wp\/v2\/types\/post"}],"author":[{"embeddable":true,"href":"https:\/\/www.gruene-mkk.de\/it\/wp-json\/wp\/v2\/users\/2"}],"replies":[{"embeddable":true,"href":"https:\/\/www.gruene-mkk.de\/it\/wp-json\/wp\/v2\/comments?post=1467"}],"version-history":[{"count":1,"href":"https:\/\/www.gruene-mkk.de\/it\/wp-json\/wp\/v2\/posts\/1467\/revisions"}],"predecessor-version":[{"id":1469,"href":"https:\/\/www.gruene-mkk.de\/it\/wp-json\/wp\/v2\/posts\/1467\/revisions\/1469"}],"wp:featuredmedia":[{"embeddable":true,"href":"https:\/\/www.gruene-mkk.de\/it\/wp-json\/wp\/v2\/media\/1468"}],"wp:attachment":[{"href":"https:\/\/www.gruene-mkk.de\/it\/wp-json\/wp\/v2\/media?parent=1467"}],"wp:term":[{"taxonomy":"category","embeddable":true,"href":"https:\/\/www.gruene-mkk.de\/it\/wp-json\/wp\/v2\/categories?post=1467"},{"taxonomy":"post_tag","embeddable":true,"href":"https:\/\/www.gruene-mkk.de\/it\/wp-json\/wp\/v2\/tags?post=1467"}],"curies":[{"name":"wp","href":"https:\/\/api.w.org\/{rel}","templated":true}]}}