{"id":1387,"date":"2022-10-17T10:14:48","date_gmt":"2022-10-17T08:14:48","guid":{"rendered":"https:\/\/www.gruene-mkk.de\/?p=1387"},"modified":"2022-10-17T10:14:49","modified_gmt":"2022-10-17T08:14:49","slug":"zu-besuch-bei-omid-nouripour","status":"publish","type":"post","link":"https:\/\/www.gruene-mkk.de\/it\/zu-besuch-bei-omid-nouripour\/","title":{"rendered":"Visitare Omid Nouripour"},"content":{"rendered":"<p>Gr\u00fcne Main-Kinzig si informa nel distretto governativo di Berlino su invito di Omid Nouripour, membro del Bundestag, Federal Executive Board B\u00fcndnis 90\/Die Gr\u00fcnen. L'incontro con Nouripour si \u00e8 concentrato sulla posizione dei Verdi sui conflitti internazionali. Si \u00e8 parlato di ulteriori misure per sostenere il popolo ucraino contro la guerra di aggressione russa in violazione del diritto internazionale. Al fine di accogliere le forze locali e altri rifugiati provenienti dall'Afghanistan, Nouripour ha promesso un primo pacchetto di misure. A sostegno delle donne in Iran, dove i diritti umani e delle donne sono ignorati dal regime terroristico e le proteste sono brutalmente schiacciate, i Verdi hanno annunciato una risoluzione per un aiuto maggiore e tangibile per il Congresso del Partito Federale.<\/p>\n\n\n\n<p>Oltre all'edificio del Reichstag, il gruppo dei Verdi del distretto Main-Kinzig ha visitato una serie di memoriali che commemorano gli orrori del regime nazista e dello stato illegale della DDR. Nel Memoriale della Resistenza tedesca, la mostra speciale \"Eroi silenziosi\" attira l'attenzione in modo commovente sul destino degli ebrei perseguitati e di quelli dei loro evasori, e nel Memoriale degli ebrei assassinati in Europa su tutti coloro che non potevano sfuggire agli orrori dei nazisti. \"Questi luoghi ci mostrano quanto sia importante opporsi con fermezza alle correnti antidemocratiche e antiumane anche oggi\", afferma Anja Zeller.<\/p>","protected":false},"excerpt":{"rendered":"<p>Gr\u00fcne Main-Kinzig si informa nel distretto governativo di Berlino su invito di Omid Nouripour, membro del Bundestag, Federal Executive Board B\u00fcndnis 90\/Die Gr\u00fcnen. In primo piano dell'incontro con Nouripour c'era l'atteggiamento dei Verdi [...]<\/p>","protected":false},"author":-1,"featured_media":1388,"comment_status":"closed","ping_status":"open","sticky":false,"template":"","format":"standard","meta":{"footnotes":""},"categories":[1,4],"tags":[21,17,19,20,18],"class_list":["post-1387","post","type-post","status-publish","format-standard","has-post-thumbnail","hentry","category-allgemein","category-newsortsverbaende","tag-berlin","tag-biebergemuend","tag-hanau","tag-maintal","tag-unterwegs"],"_links":{"self":[{"href":"https:\/\/www.gruene-mkk.de\/it\/wp-json\/wp\/v2\/posts\/1387","targetHints":{"allow":["GET"]}}],"collection":[{"href":"https:\/\/www.gruene-mkk.de\/it\/wp-json\/wp\/v2\/posts"}],"about":[{"href":"https:\/\/www.gruene-mkk.de\/it\/wp-json\/wp\/v2\/types\/post"}],"author":[{"embeddable":true,"href":"https:\/\/www.gruene-mkk.de\/it\/wp-json\/wp\/v2\/users\/2"}],"replies":[{"embeddable":true,"href":"https:\/\/www.gruene-mkk.de\/it\/wp-json\/wp\/v2\/comments?post=1387"}],"version-history":[{"count":1,"href":"https:\/\/www.gruene-mkk.de\/it\/wp-json\/wp\/v2\/posts\/1387\/revisions"}],"predecessor-version":[{"id":1389,"href":"https:\/\/www.gruene-mkk.de\/it\/wp-json\/wp\/v2\/posts\/1387\/revisions\/1389"}],"wp:featuredmedia":[{"embeddable":true,"href":"https:\/\/www.gruene-mkk.de\/it\/wp-json\/wp\/v2\/media\/1388"}],"wp:attachment":[{"href":"https:\/\/www.gruene-mkk.de\/it\/wp-json\/wp\/v2\/media?parent=1387"}],"wp:term":[{"taxonomy":"category","embeddable":true,"href":"https:\/\/www.gruene-mkk.de\/it\/wp-json\/wp\/v2\/categories?post=1387"},{"taxonomy":"post_tag","embeddable":true,"href":"https:\/\/www.gruene-mkk.de\/it\/wp-json\/wp\/v2\/tags?post=1387"}],"curies":[{"name":"wp","href":"https:\/\/api.w.org\/{rel}","templated":true}]}}