{"id":1383,"date":"2022-10-12T12:01:14","date_gmt":"2022-10-12T10:01:14","guid":{"rendered":"https:\/\/www.gruene-mkk.de\/?p=1383"},"modified":"2024-09-05T14:29:59","modified_gmt":"2024-09-05T12:29:59","slug":"gruene-bruchkoebel-begruessen-gutachten-zur-bahnverbindung","status":"publish","type":"post","link":"https:\/\/www.gruene-mkk.de\/it\/gruene-bruchkoebel-begruessen-gutachten-zur-bahnverbindung\/","title":{"rendered":"<strong>Gr\u00fcne Bruchk\u00f6bel accoglie con favore il parere di esperti sul collegamento ferroviario<\/strong>"},"content":{"rendered":"<p><strong>\u2013 Incomprensione del collegamento asseritamente \u00abirrealistico\u00bb con Francoforte<\/strong><\/p>\n\n\n\n<p>I Verdi di Bruchk\u00f6bel accolgono con favore la relazione sul potenziale di miglioramento del trasporto locale sulla ferrovia Hanau-Friedberg. \"Questo sta finalmente riportando le nostre ferrovie sotto i riflettori\", ha dichiarato Uwe Ringel, presidente del gruppo B\u00fcndnis 90\/Die Gr\u00fcnen. Secondo Ringel, il rapporto fa luce sui punti pi\u00f9 importanti che potrebbero aumentare l'attrattiva del collegamento di trasporto locale da e per Bruchk\u00f6bel: Un orologio pi\u00f9 denso, fermate aggiuntive e l'inclusione del collegamento attualmente inutilizzato di Hanau Nord nella zona industriale di Fliegerhorst.<\/p>\n\n\n\n<p>Per i Verdi non \u00e8 comprensibile il motivo per cui la relazione descriva un collegamento diretto da Bruchk\u00f6bel a Francoforte come \"irrealistico a causa delle rotte gi\u00e0 trafficate\". Da quando, sospetta Ringel, le relazioni degli esperti hanno probabilmente messo in discussione le dichiarazioni di RMV e DB troppo poco.<\/p>\n\n\n\n<ul class=\"wp-block-list\"><li>Soprattutto in estate, a causa dei lavori di costruzione tra Francoforte e Bad Vilbel, numerosi treni per il centro dell'Assia sono stati ancora una volta regolarmente operati tra Francoforte e Hanau. C'erano percorsi per questo.<\/li><li>Nell'orario odierno, alcuni treni circolano ogni mezz'ora da e per Francoforte, che terminano e partono da Hanau: ci sono anche i percorsi utilizzabili. L'operatore \u00e8 la Hessische Landesbahn, che servir\u00e0 anche la linea Bruchk\u00f6beler da dicembre. Perch\u00e9, si chiedono i Verdi, la RMV non gestisce questi treni da e per Friedberg?<\/li><li>Il rapporto si riferisce anche alla costruzione della S-Bahn nord-continentale. Di conseguenza, la linea da Hanau a Francoforte Est sar\u00e0 ampliata su quattro binari, i treni regionali saranno sostituiti da treni S-Bahn e quindi le rotte saranno liberate.<\/li><\/ul>\n\n\n\n<p>I Verdi ritengono affascinante la proposta degli esperti di continuare la futura S-Bahn nord-continentale da Hanau via Bruchk\u00f6bel a Nidderau. \"C'\u00e8 pi\u00f9 di una soluzione realistica\", afferma Uwe Ringel. \"Devi solo volere!\".<\/p>\n\n\n\n<p>Per i Verdi, \u00e8 importante che questa relazione non scompaia nei cassetti, ma venga affrontata attivamente. \"Senza pressioni persistenti, non otterremo nulla\".<\/p>\n\n\n\n<p>Le citt\u00e0 di Hanau, Bruchk\u00f6bel, Erlensee e Nidderau, insieme alla rotatoria Main-Kinzig (KVG) e sotto gli auspici della Camera di commercio e dell'industria di Hanau-Gelnhausen-Schl\u00fcchtern (IHK), hanno commissionato alla Koblenzer BPV Consult GmbH una relazione di esperti per esaminare se fosse possibile apportare miglioramenti al trasporto locale sulla ferrovia Hanau-Friedberg.<\/p>\n\n\n\n<p>Contatto stampa:<\/p>\n\n\n\n<p>Klaus Linek<\/p>\n\n\n\n<p>Telefono: 06181 57 82 006<\/p>\n\n\n\n<p>Cellulare: 0151 2077 0075<\/p>","protected":false},"excerpt":{"rendered":"<p>\u2013 Incomprensione del collegamento asseritamente \"irrealistico\" con Francoforte I Verdi di Bruchk\u00f6bel accolgono con favore il parere sul potenziale di miglioramento del trasporto locale sulla ferrovia Hanau-Friedberg. \"Con questo, la nostra ferrovia si sta finalmente muovendo [...]<\/p>","protected":false},"author":-1,"featured_media":0,"comment_status":"closed","ping_status":"open","sticky":false,"template":"","format":"standard","meta":{"footnotes":""},"categories":[4],"tags":[14,16,15],"class_list":["post-1383","post","type-post","status-publish","format-standard","hentry","category-newsortsverbaende","tag-bahn","tag-laendlicher-raum","tag-oepnv"],"_links":{"self":[{"href":"https:\/\/www.gruene-mkk.de\/it\/wp-json\/wp\/v2\/posts\/1383","targetHints":{"allow":["GET"]}}],"collection":[{"href":"https:\/\/www.gruene-mkk.de\/it\/wp-json\/wp\/v2\/posts"}],"about":[{"href":"https:\/\/www.gruene-mkk.de\/it\/wp-json\/wp\/v2\/types\/post"}],"author":[{"embeddable":true,"href":"https:\/\/www.gruene-mkk.de\/it\/wp-json\/wp\/v2\/users\/2"}],"replies":[{"embeddable":true,"href":"https:\/\/www.gruene-mkk.de\/it\/wp-json\/wp\/v2\/comments?post=1383"}],"version-history":[{"count":1,"href":"https:\/\/www.gruene-mkk.de\/it\/wp-json\/wp\/v2\/posts\/1383\/revisions"}],"predecessor-version":[{"id":1385,"href":"https:\/\/www.gruene-mkk.de\/it\/wp-json\/wp\/v2\/posts\/1383\/revisions\/1385"}],"wp:attachment":[{"href":"https:\/\/www.gruene-mkk.de\/it\/wp-json\/wp\/v2\/media?parent=1383"}],"wp:term":[{"taxonomy":"category","embeddable":true,"href":"https:\/\/www.gruene-mkk.de\/it\/wp-json\/wp\/v2\/categories?post=1383"},{"taxonomy":"post_tag","embeddable":true,"href":"https:\/\/www.gruene-mkk.de\/it\/wp-json\/wp\/v2\/tags?post=1383"}],"curies":[{"name":"wp","href":"https:\/\/api.w.org\/{rel}","templated":true}]}}