{"id":1069,"date":"2022-05-05T17:32:00","date_gmt":"2022-05-05T15:32:00","guid":{"rendered":"https:\/\/www.gruene-mkk.de\/?p=1069"},"modified":"2022-05-12T17:36:44","modified_gmt":"2022-05-12T15:36:44","slug":"veranstaltung-nachhaltige-landwirtschaft-in-hessen","status":"publish","type":"post","link":"https:\/\/www.gruene-mkk.de\/it\/veranstaltung-nachhaltige-landwirtschaft-in-hessen\/","title":{"rendered":"Evento: \"Agricoltura sostenibile in Assia\""},"content":{"rendered":"<p>Il 28 aprile 2022, oltre a Mark Trageser, presidente dell'Associazione degli agricoltori del Main-Kinzig-Kreis, anche alcuni agricoltori e altri cittadini interessati di Biebergem\u00fcnd hanno accettato l'invito dell'Associazione locale dei verdi a:&nbsp;<a href=\"https:\/\/www.gruene-biebergemuend.de\/2022\/04\/15\/28-4-stammtisch-mit-hans-juergen-mueller\/\">Tavola rotonda verde digitale sull'agricoltura sostenibile in Assia<\/a>&nbsp;occupato.<\/p>\n\n\n\n<p>agricoltore biologico di lunga data e portavoce del gruppo parlamentare verde per l'agricoltura, il benessere degli animali e la caccia,\u00a0<a href=\"https:\/\/www.mueller-witzenhausen.de\/\">Hans-J\u00fcrgen M\u00fcller<\/a>, Ha descritto per la prima volta la sua visione dell'agricoltura nel tempo.\u00a0<\/p>\n\n\n\n<p><a href=\"https:\/\/www.gruene-biebergemuend.de\/2022\/05\/03\/gruene-agrarpolitik-fuer-hessen-mit-hans-juergen-mueller\/\">Una relazione dettagliata sull'evento \u00e8 disponibile sul sito web del Gr\u00fcner Biebergem\u00fcnd.<\/a><\/p>","protected":false},"excerpt":{"rendered":"<p>Il 28 aprile 2022, oltre a Mark Trageser, presidente dell'associazione degli agricoltori del distretto di Main-Kinzig, alcuni agricoltori e altri concittadini interessati di Biebergem\u00fcnd hanno seguito l'invito del Green [...]<\/p>","protected":false},"author":-1,"featured_media":0,"comment_status":"open","ping_status":"open","sticky":false,"template":"","format":"standard","meta":{"footnotes":""},"categories":[4],"tags":[],"class_list":["post-1069","post","type-post","status-publish","format-standard","hentry","category-newsortsverbaende"],"_links":{"self":[{"href":"https:\/\/www.gruene-mkk.de\/it\/wp-json\/wp\/v2\/posts\/1069","targetHints":{"allow":["GET"]}}],"collection":[{"href":"https:\/\/www.gruene-mkk.de\/it\/wp-json\/wp\/v2\/posts"}],"about":[{"href":"https:\/\/www.gruene-mkk.de\/it\/wp-json\/wp\/v2\/types\/post"}],"author":[{"embeddable":true,"href":"https:\/\/www.gruene-mkk.de\/it\/wp-json\/wp\/v2\/users\/2"}],"replies":[{"embeddable":true,"href":"https:\/\/www.gruene-mkk.de\/it\/wp-json\/wp\/v2\/comments?post=1069"}],"version-history":[{"count":1,"href":"https:\/\/www.gruene-mkk.de\/it\/wp-json\/wp\/v2\/posts\/1069\/revisions"}],"predecessor-version":[{"id":1071,"href":"https:\/\/www.gruene-mkk.de\/it\/wp-json\/wp\/v2\/posts\/1069\/revisions\/1071"}],"wp:attachment":[{"href":"https:\/\/www.gruene-mkk.de\/it\/wp-json\/wp\/v2\/media?parent=1069"}],"wp:term":[{"taxonomy":"category","embeddable":true,"href":"https:\/\/www.gruene-mkk.de\/it\/wp-json\/wp\/v2\/categories?post=1069"},{"taxonomy":"post_tag","embeddable":true,"href":"https:\/\/www.gruene-mkk.de\/it\/wp-json\/wp\/v2\/tags?post=1069"}],"curies":[{"name":"wp","href":"https:\/\/api.w.org\/{rel}","templated":true}]}}