{"id":1037,"date":"2022-04-22T09:35:35","date_gmt":"2022-04-22T07:35:35","guid":{"rendered":"https:\/\/www.gruene-mkk.de\/?p=1037"},"modified":"2024-09-05T14:45:36","modified_gmt":"2024-09-05T12:45:36","slug":"akutes-marktversagen","status":"publish","type":"post","link":"https:\/\/www.gruene-mkk.de\/it\/akutes-marktversagen\/","title":{"rendered":"Fallimento acuto del mercato"},"content":{"rendered":"<p><strong>I Verdi nel Main-Kinzig chiedono al Kreis di creare alloggi a prezzi accessibili<\/strong><\/p>\n\n\n\n<!--more-->\n\n\n\n<p>\"C'\u00e8 un grave fallimento del mercato nel settore degli alloggi a prezzi accessibili\", afferma Viola Ha\u00dfdenteufel, portavoce per la politica sociale e vicepresidente del gruppo parlamentare dei Verdi. \"Soprattutto in tempi di aumento dei prezzi e inflazione elevata, non \u00e8 pi\u00f9 opportuno costruire solo alloggi per persone che guadagnano meglio\".<\/p>\n\n\n\n<p>Il gruppo parlamentare verde Main-Kinzig ha quindi inviato una richiesta all'amministrazione del distretto Main-Kinzig: \"Nel complesso, facciamo al cerchio una sola domanda: Quali misure ha adottato l'amministrazione per l'annunciata creazione di una societ\u00e0 di edilizia residenziale di propriet\u00e0 distrettuale?\" \u00c8 chiaro che il mercato \"non disciplina da solo questo problema. Al contrario: Al fine di generare rendimenti ancora pi\u00f9 elevati, vengono costruiti e affittati o venduti appartamenti sempre pi\u00f9 grandi e costosi a fronte di ingenti somme\u00bb.<\/p>\n\n\n\n<p>Se hai solo un reddito basso, difficilmente puoi permetterti di vivere in citt\u00e0 come Gelnhausen o Hanau: \"L'alloggio a prezzi accessibili \u00e8 definito in modo tale che l'appartamento, compresi tutti i costi operativi, non richieda pi\u00f9 di un terzo del volume familiare\", afferma Ha\u00dfdenteufel. Per anni, tuttavia, \u00e8 emerso che \"gli appartamenti di nuova costruzione nelle aree urbane del distretto hanno solitamente un canone di locazione a quattro cifre\".<\/p>\n\n\n\n<p>\u00c8 responsabilit\u00e0 del Main-Kinzig-Kreis porre finalmente rimedio a questa situazione: \"La Grande coalizione, composta dall'SPD e dalla CDU, ha annunciato l'estate scorsa che avrebbe posto rimedio a questa situazione istituendo un'associazione per l'edilizia abitativa di propriet\u00e0 distrettuale. Noi Verdi ci siamo impegnati a sostenere questo progetto. Purtroppo, nulla sembra essere successo da allora, tranne che il terreno edificabile ancora esistente continua ad essere costruito con costosi appartamenti di lusso \", critica Ha\u00dfdenteufel.<\/p>\n\n\n\n<p>Non \u00e8 diverso spiegare che importanti progetti del cerchio sono silenziosi: \"L'associazione per l'edilizia abitativa distrettuale, l'accademia sanitaria e il piano di sviluppo scolastico sono solo tre esempi in cui diventa chiaro che la Grande coalizione si occupa esclusivamente della gestione di quella esistente. Soprattutto in direzione delle elezioni distrettuali del prossimo anno, nessuna polvere inutile dovrebbe essere agitata. La Grande Coalizione preferisce pensare a giustificazioni creative per respingere le proposte dell'opposizione e, in cambio, ha smesso di lavorare sui contenuti\", afferma Ha\u00dfdenteufel.<\/p>\n\n\n\n<p>Un altro esempio \u00e8 l'Arbeitskreis Nahmobilit\u00e4t Hessen (AGNH): \"Questa \u00e8 un'associazione di distretti, citt\u00e0 e comuni per rafforzare gli spostamenti a piedi e in bicicletta e sviluppare concetti comuni di mobilit\u00e0\", afferma Rainer Vogel, membro della commissione trasporti. La Grande Coalizione aveva deciso nel 2019 nel corso del rifiuto di ulteriori fondi per la costruzione di piste ciclabili almeno per aderire all'AGNH.<\/p>\n\n\n\n<p>\u00abTuttavia, il Main-Kinzig-Kreis non figura ancora nell\u2019elenco dei membri. Si pu\u00f2 quindi presumere che sia stata ancora una volta un'iniziativa non attuata della Grande Coalizione\". 19 dei 21 distretti dell'Assia sono gi\u00e0 membri qui: \"Come la regione eco-modello dell'Assia, siamo ancora una volta una delle ultime contee a partecipare a importanti iniziative\", conclude Vogel.<\/p>\n\n\n\n<hr class=\"wp-block-separator\"\/>\n\n\n\n<p>Richieste di informazioni:<\/p>\n\n\n\n<p>Jakob M\u00e4hler<br>Amministratore delegato del gruppo<br>Alleanza 90 \/ I Verdi Main-Kinzig<\/p>\n\n\n\n<p>06181\/61596<br>0176\/46763336<\/p>\n\n\n\n<p>fraktion@gruene-mkk.de<\/p>","protected":false},"excerpt":{"rendered":"<p>I Verdi nel Main-Kinzig chiedono al Kreis di creare alloggi a prezzi accessibili<\/p>","protected":false},"author":-1,"featured_media":0,"comment_status":"open","ping_status":"open","sticky":false,"template":"","format":"standard","meta":{"footnotes":""},"categories":[2],"tags":[],"class_list":["post-1037","post","type-post","status-publish","format-standard","hentry","category-newskreistagsfraktion"],"_links":{"self":[{"href":"https:\/\/www.gruene-mkk.de\/it\/wp-json\/wp\/v2\/posts\/1037","targetHints":{"allow":["GET"]}}],"collection":[{"href":"https:\/\/www.gruene-mkk.de\/it\/wp-json\/wp\/v2\/posts"}],"about":[{"href":"https:\/\/www.gruene-mkk.de\/it\/wp-json\/wp\/v2\/types\/post"}],"author":[{"embeddable":true,"href":"https:\/\/www.gruene-mkk.de\/it\/wp-json\/wp\/v2\/users\/5"}],"replies":[{"embeddable":true,"href":"https:\/\/www.gruene-mkk.de\/it\/wp-json\/wp\/v2\/comments?post=1037"}],"version-history":[{"count":1,"href":"https:\/\/www.gruene-mkk.de\/it\/wp-json\/wp\/v2\/posts\/1037\/revisions"}],"predecessor-version":[{"id":1039,"href":"https:\/\/www.gruene-mkk.de\/it\/wp-json\/wp\/v2\/posts\/1037\/revisions\/1039"}],"wp:attachment":[{"href":"https:\/\/www.gruene-mkk.de\/it\/wp-json\/wp\/v2\/media?parent=1037"}],"wp:term":[{"taxonomy":"category","embeddable":true,"href":"https:\/\/www.gruene-mkk.de\/it\/wp-json\/wp\/v2\/categories?post=1037"},{"taxonomy":"post_tag","embeddable":true,"href":"https:\/\/www.gruene-mkk.de\/it\/wp-json\/wp\/v2\/tags?post=1037"}],"curies":[{"name":"wp","href":"https:\/\/api.w.org\/{rel}","templated":true}]}}