{"id":1028,"date":"2022-04-19T12:00:00","date_gmt":"2022-04-19T10:00:00","guid":{"rendered":"https:\/\/www.gruene-mkk.de\/?p=1028"},"modified":"2022-04-19T11:29:26","modified_gmt":"2022-04-19T09:29:26","slug":"leben-und-wirken-wird-nicht-vergessen-werden","status":"publish","type":"post","link":"https:\/\/www.gruene-mkk.de\/it\/leben-und-wirken-wird-nicht-vergessen-werden\/","title":{"rendered":"La vita e il lavoro non saranno dimenticati"},"content":{"rendered":"<p><em>Green Main-Kinzig commenta la morte di Erich Pipa: \"Uno dei politici pi\u00f9 influenti del circolo\"<\/em><\/p>\n\n\n\n<!--more-->\n\n\n\n<p>\"Siamo in lutto per uno dei politici pi\u00f9 influenti del distretto di Main-Kinzig\", affermano l'esecutivo del gruppo parlamentare e l'esecutivo distrettuale dei Verdi Main-Kinzig, Reiner Bousonville, Viola Ha\u00dfdenteufel, Jakob M\u00e4hler e Ahmet Cetiner. \"Con Erich Pipa \u00e8 morta una grande personalit\u00e0 del distretto di Main-Kinzig. Con i suoi sforzi instancabili, ha plasmato in modo decisivo il distretto di Main-Kinzig.\"<\/p>\n\n\n\n<p>Non \u00e8 stato solo in tempi di coalizione congiunta che la cooperazione con Erich Pipa \u00e8 stata apprezzata: \"In qualit\u00e0 di consigliere distrettuale, ha parlato su un piano di parit\u00e0 non solo con il proprio, ma con tutte le parti. Per lui, la cooperazione era importante, a beneficio della popolazione del Kinzig-Kreis principale.\" N\u00e9 si \u00e8 tirato indietro dal mostrare un chiaro vantaggio: \"Ci\u00f2 per cui \u00e8 stato apprezzato e rispettato \u00e8 stata, oltre al suo instancabile lavoro e alla sua dedizione, la sua chiara posizione su importanti eventi contemporanei.\"<\/p>\n\n\n\n<p>Gli esempi includono la sua spinta a \"prendersi semplicemente cura dei disoccupati di lungo periodo stessi in cerchio o la sua chiara posizione per una migliore accoglienza, alloggio e assistenza ai rifugiati. Ha sparato per questioni e le ha ammesse anche di fronte a forti venti contrari.\"<\/p>\n\n\n\n<p>Ci\u00f2 ha garantito che Pipa abbia ricevuto il riconoscimento cross-party: \"Abbiamo sempre apprezzato la cooperazione tra noi Verdi e l'ex Landrat. Erich Pipa \u00e8 stato un ospite gradito del nostro gruppo quando noi del Main-Kinzig-Kreis abbiamo dovuto affrontare decisioni importanti o abbiamo voluto scambiare idee sulle singole priorit\u00e0.\"<\/p>\n\n\n\n<p>Purtroppo, ha anche dovuto conoscere il lato oscuro. A causa della sua chiara opinione, ha ricevuto minacce di morte ed \u00e8 stato ripetutamente vittima di ostilit\u00e0. Invece di ritirarsi, tuttavia, ha continuato a difendere la sua opinione. Questo dimostra chiaramente la spina dorsale e lo spirito combattivo di Erich Pipa, che come un pi\u00f9 controverso, ma sempre come un partner di discussione equo ha voluto raggiungere e anche raggiunto un costante miglioramento del cerchio \", ha detto il consiglio del gruppo parlamentare distrettuale e del consiglio distrettuale.<\/p>\n\n\n\n<p>Ci\u00f2 include anche l'espansione dell'infrastruttura a banda larga, che all'epoca era unica in Germania in queste dimensioni: \"Era insolito che un circolo si limitasse a creare Internet per le imprese e i privati stessi, ed \u00e8 stato grazie all'ex amministratore distrettuale che, invece di aspettare gli altri, ha preferito affrontarlo direttamente\".<\/p>\n\n\n\n<p>Ha gettato molte fondamenta nel cerchio e ha scritto molte storie di successo: \"Sia nella politica sociale che nello sviluppo delle infrastrutture nazionali. Siamo stati in grado di costruire su queste storie di successo negli ultimi anni e possiamo costruire su di loro in futuro. La vita e il lavoro di Erich Pipa non saranno dimenticati\", conclude il consiglio della Kreistagsfraaktion e Kreisvorstand.<\/p>","protected":false},"excerpt":{"rendered":"<p>Green Main-Kinzig commenta la morte di Erich Pipa: \"Uno dei politici pi\u00f9 influenti del circolo\"<\/p>","protected":false},"author":-1,"featured_media":1029,"comment_status":"open","ping_status":"open","sticky":false,"template":"","format":"standard","meta":{"footnotes":""},"categories":[1,2],"tags":[],"class_list":["post-1028","post","type-post","status-publish","format-standard","has-post-thumbnail","hentry","category-allgemein","category-newskreistagsfraktion"],"_links":{"self":[{"href":"https:\/\/www.gruene-mkk.de\/it\/wp-json\/wp\/v2\/posts\/1028","targetHints":{"allow":["GET"]}}],"collection":[{"href":"https:\/\/www.gruene-mkk.de\/it\/wp-json\/wp\/v2\/posts"}],"about":[{"href":"https:\/\/www.gruene-mkk.de\/it\/wp-json\/wp\/v2\/types\/post"}],"author":[{"embeddable":true,"href":"https:\/\/www.gruene-mkk.de\/it\/wp-json\/wp\/v2\/users\/2"}],"replies":[{"embeddable":true,"href":"https:\/\/www.gruene-mkk.de\/it\/wp-json\/wp\/v2\/comments?post=1028"}],"version-history":[{"count":1,"href":"https:\/\/www.gruene-mkk.de\/it\/wp-json\/wp\/v2\/posts\/1028\/revisions"}],"predecessor-version":[{"id":1030,"href":"https:\/\/www.gruene-mkk.de\/it\/wp-json\/wp\/v2\/posts\/1028\/revisions\/1030"}],"wp:featuredmedia":[{"embeddable":true,"href":"https:\/\/www.gruene-mkk.de\/it\/wp-json\/wp\/v2\/media\/1029"}],"wp:attachment":[{"href":"https:\/\/www.gruene-mkk.de\/it\/wp-json\/wp\/v2\/media?parent=1028"}],"wp:term":[{"taxonomy":"category","embeddable":true,"href":"https:\/\/www.gruene-mkk.de\/it\/wp-json\/wp\/v2\/categories?post=1028"},{"taxonomy":"post_tag","embeddable":true,"href":"https:\/\/www.gruene-mkk.de\/it\/wp-json\/wp\/v2\/tags?post=1028"}],"curies":[{"name":"wp","href":"https:\/\/api.w.org\/{rel}","templated":true}]}}