{"id":1014,"date":"2022-04-08T14:00:41","date_gmt":"2022-04-08T12:00:41","guid":{"rendered":"https:\/\/www.gruene-mkk.de\/?p=1014"},"modified":"2022-04-08T14:09:33","modified_gmt":"2022-04-08T12:09:33","slug":"wiederwahl-zum-ersten-stadtrat","status":"publish","type":"post","link":"https:\/\/www.gruene-mkk.de\/it\/wiederwahl-zum-ersten-stadtrat\/","title":{"rendered":"Rielezione al primo consiglio comunale"},"content":{"rendered":"<p>Ci congratuliamo con Rainer Vogel per la sua rielezione a primo consigliere comunale della citt\u00e0 di Nidderau!<\/p>\n\n\n\n<!--more-->\n\n\n\n<p>L'ingegnere agricolo e membro verde Rainer Vogel \u00e8 stato confermato primo consigliere comunale dal consiglio comunale di Nidderau il 7 aprile 2022. \u00c8 attivo come consigliere comunale dal 2016 ed \u00e8 attualmente l'unico politico verde a tempo pieno nel distretto di Main-Kinzig. Oltre al suo lavoro come consigliere comunale, \u00e8 membro del Green District Parliamentary Group, dove si occupa principalmente di protezione ambientale e agricoltura.<\/p>\n\n\n\n<p>Il Comune \u00e8 soddisfatto della sua rielezione. Ringraziamo Rainer Vogel per il suo lavoro e gli auguriamo tutto il meglio e tanto successo!<\/p>","protected":false},"excerpt":{"rendered":"<p>Ci congratuliamo con Rainer Vogel per la sua rielezione a primo consigliere comunale della citt\u00e0 di Nidderau!<\/p>","protected":false},"author":-1,"featured_media":1015,"comment_status":"open","ping_status":"open","sticky":false,"template":"","format":"standard","meta":{"footnotes":""},"categories":[4],"tags":[],"class_list":["post-1014","post","type-post","status-publish","format-standard","has-post-thumbnail","hentry","category-newsortsverbaende"],"_links":{"self":[{"href":"https:\/\/www.gruene-mkk.de\/it\/wp-json\/wp\/v2\/posts\/1014","targetHints":{"allow":["GET"]}}],"collection":[{"href":"https:\/\/www.gruene-mkk.de\/it\/wp-json\/wp\/v2\/posts"}],"about":[{"href":"https:\/\/www.gruene-mkk.de\/it\/wp-json\/wp\/v2\/types\/post"}],"author":[{"embeddable":true,"href":"https:\/\/www.gruene-mkk.de\/it\/wp-json\/wp\/v2\/users\/2"}],"replies":[{"embeddable":true,"href":"https:\/\/www.gruene-mkk.de\/it\/wp-json\/wp\/v2\/comments?post=1014"}],"version-history":[{"count":3,"href":"https:\/\/www.gruene-mkk.de\/it\/wp-json\/wp\/v2\/posts\/1014\/revisions"}],"predecessor-version":[{"id":1018,"href":"https:\/\/www.gruene-mkk.de\/it\/wp-json\/wp\/v2\/posts\/1014\/revisions\/1018"}],"wp:featuredmedia":[{"embeddable":true,"href":"https:\/\/www.gruene-mkk.de\/it\/wp-json\/wp\/v2\/media\/1015"}],"wp:attachment":[{"href":"https:\/\/www.gruene-mkk.de\/it\/wp-json\/wp\/v2\/media?parent=1014"}],"wp:term":[{"taxonomy":"category","embeddable":true,"href":"https:\/\/www.gruene-mkk.de\/it\/wp-json\/wp\/v2\/categories?post=1014"},{"taxonomy":"post_tag","embeddable":true,"href":"https:\/\/www.gruene-mkk.de\/it\/wp-json\/wp\/v2\/tags?post=1014"}],"curies":[{"name":"wp","href":"https:\/\/api.w.org\/{rel}","templated":true}]}}