{"id":1009,"date":"2022-03-07T12:32:00","date_gmt":"2022-03-07T11:32:00","guid":{"rendered":"https:\/\/www.gruene-mkk.de\/?p=1009"},"modified":"2022-04-07T12:59:52","modified_gmt":"2022-04-07T10:59:52","slug":"neustart-in-neuberg","status":"publish","type":"post","link":"https:\/\/www.gruene-mkk.de\/it\/neustart-in-neuberg\/","title":{"rendered":"Riavviare a Neuberg"},"content":{"rendered":"<p>Andrea H\u00fcller e Andreas K\u00f6gel eletti nuovi presidenti del Gr\u00fcne Neuberg<\/p>\n\n\n\n<!--more-->\n\n\n\n<p>Il 4 marzo 2022 i membri di B\u00fcndnis90\/GR\u00dcNE e i cittadini interessati si sono riuniti per l'assemblea generale del B\u00fcrgerhaus. Sono stati accolti dal 2 \u00b0. Presidente dell'associazione locale, Markus Walther. Osserva che gli inviti sono stati effettuati correttamente e poi d\u00e0 la parola ai presenti all'associazione distrettuale. <\/p>\n\n\n\n<p>L'associazione distrettuale, rappresentata da Mareike Forchheim, Ahmet Cetiner e Joachim Nickel, ha poi proseguito la serata. Per la prossima elezione del comitato esecutivo, due candidati hanno accettato di guidare l'associazione locale GR\u00dcNE Neuberg\/Hessen nel futuro.<\/p>\n\n\n\n<p>Andreas K\u00f6gl e Andrea H\u00fcller sono stati eletti all'unanimit\u00e0 nel Comitato esecutivo. Un ringraziamento speciale va ai partecipanti del consiglio distrettuale, che si sono presi molto tempo per noi questa sera e ci hanno presentato pazientemente la riprogettazione dell'associazione locale. Un grande grazie anche al nostro membro di lunga data Werner Kunkel per la sua presenza e al precedente secondo presidente, Markus Walther, che si \u00e8 dimesso dal suo ufficio, poich\u00e9 trasferir\u00e0 il suo centro della vita in Sassonia-Anhalt nel prossimo futuro.<\/p>","protected":false},"excerpt":{"rendered":"<p>Andrea H\u00fcller e Andreas K\u00f6gel eletti nuovi presidenti del Gr\u00fcne Neuberg<\/p>","protected":false},"author":-1,"featured_media":1010,"comment_status":"open","ping_status":"open","sticky":false,"template":"","format":"standard","meta":{"footnotes":""},"categories":[4],"tags":[],"class_list":["post-1009","post","type-post","status-publish","format-standard","has-post-thumbnail","hentry","category-newsortsverbaende"],"_links":{"self":[{"href":"https:\/\/www.gruene-mkk.de\/it\/wp-json\/wp\/v2\/posts\/1009","targetHints":{"allow":["GET"]}}],"collection":[{"href":"https:\/\/www.gruene-mkk.de\/it\/wp-json\/wp\/v2\/posts"}],"about":[{"href":"https:\/\/www.gruene-mkk.de\/it\/wp-json\/wp\/v2\/types\/post"}],"author":[{"embeddable":true,"href":"https:\/\/www.gruene-mkk.de\/it\/wp-json\/wp\/v2\/users\/2"}],"replies":[{"embeddable":true,"href":"https:\/\/www.gruene-mkk.de\/it\/wp-json\/wp\/v2\/comments?post=1009"}],"version-history":[{"count":1,"href":"https:\/\/www.gruene-mkk.de\/it\/wp-json\/wp\/v2\/posts\/1009\/revisions"}],"predecessor-version":[{"id":1011,"href":"https:\/\/www.gruene-mkk.de\/it\/wp-json\/wp\/v2\/posts\/1009\/revisions\/1011"}],"wp:featuredmedia":[{"embeddable":true,"href":"https:\/\/www.gruene-mkk.de\/it\/wp-json\/wp\/v2\/media\/1010"}],"wp:attachment":[{"href":"https:\/\/www.gruene-mkk.de\/it\/wp-json\/wp\/v2\/media?parent=1009"}],"wp:term":[{"taxonomy":"category","embeddable":true,"href":"https:\/\/www.gruene-mkk.de\/it\/wp-json\/wp\/v2\/categories?post=1009"},{"taxonomy":"post_tag","embeddable":true,"href":"https:\/\/www.gruene-mkk.de\/it\/wp-json\/wp\/v2\/tags?post=1009"}],"curies":[{"name":"wp","href":"https:\/\/api.w.org\/{rel}","templated":true}]}}