{"id":909,"date":"2022-02-18T14:31:07","date_gmt":"2022-02-18T13:31:07","guid":{"rendered":"https:\/\/www.gruene-mkk.de\/?p=909"},"modified":"2022-02-18T14:31:09","modified_gmt":"2022-02-18T13:31:09","slug":"am-radverkehrskonzept-beteiligen","status":"publish","type":"post","link":"https:\/\/www.gruene-mkk.de\/hr\/am-radverkehrskonzept-beteiligen\/","title":{"rendered":"Sudjelujte u biciklisti\u010dkom konceptu"},"content":{"rendered":"<p><strong>Klub zastupnika Zelenog parlamenta: Sudjelujte u internetskoj anketi o mjerama \/ rije\u010di moraju slijediti mjere<\/strong><\/p>\n\n\n\n<!--more-->\n\n\n\n<p>Klub zastupnika Zelenih poziva gra\u0111ane u okrugu da sudjeluju u internetskom glasovanju o konceptu biciklizma: \"Do kraja velja\u010de bit \u0107e prilika za procjenu i komentiranje oko 300 mjera\", ka\u017ee Bernd Wietzorek, \u010dlan Odbora za promet i okoli\u0161.<\/p>\n\n\n\n<p>Wietzoreku je jasno da \u0107e se mobilnost promijeniti u nadolaze\u0107im godinama. Biciklizam \u0107e postati sve va\u017eniji.\u201d Posljednjih je godina postalo jasno \u201eda ovdje u okrugu jo\u0161 uvijek imamo mnogo prostora za pobolj\u0161anje. Velika koalicija u krugu i dalje postupno pristupa biciklizmu umjesto da poka\u017ee konkretnu volju za njegovu provedbu.\u201d Zbog toga je Skupina sada zadovoljna sudjelovanjem gra\u0111ana: \u201ePrvih nekoliko dana pokazalo je da su mnogi zainteresirani za aktivno sudjelovanje u opse\u017enoj mre\u017ei biciklisti\u010dkih staza u okrugu.\u201d<\/p>\n\n\n\n<p>U evaluacijama na internetskom portalu prednost se daje prijedlozima mjera koje je izradio ured za planiranje \u201eRV-K\u201d iz Frankfurta. Osim toga, postoji opis i slike za svaki prijedlog. Do 28. velja\u010de mjere mogu biti <a href=\"http:\/\/www.radverkehrskonzept-mkk.de\">www.radverkehrskonzept-mkk.de<\/a> o kojima \u0107e se glasovati.<\/p>\n\n\n\n<p>\"Kao Zeleni, ve\u0107 smo 2017. pozvali na koncept biciklisti\u010dke staze\", obja\u0161njava Wietzorek. \u201ePrva verzija, koju je naknadno sastavio krug, sadr\u017eavala je 90 mjera, od kojih dosad nisu provedene nikakve mjere.\u201d Zatim je naru\u010den drugi, cjelovit pristup: \u201eNadamo se da \u0107e velika najava kruga o stvaranju holisti\u010dkog biciklisti\u010dkog koncepta ostati ne samo najava, ve\u0107 da \u0107e prijedlozi i glasovi gra\u0111ana dovesti i do konkretnih naloga za djelovanje i gra\u0111evinske mjere.\u201d<\/p>\n\n\n\n<p>Brojnim mjerama Zeleni u okrugu i op\u0107inama ve\u0107 podupiru konkretne promjene u prometu: \u201eMe\u0111u ostalim, odr\u017eano je zajedni\u010dko doga\u0111anje s lokalnim udrugama iz Biebergem\u00fcnda, W\u00e4chtersbacha i Bad Orba s Karinom M\u00fcllerom, potpredsjednikom Landtaga, o prometnoj tranziciji u Hessenu. Raspravljalo se o brojnim mogu\u0107nostima za promicanje promjene klimatski prihvatljive mobilnosti na terenu. Podupiremo i referendum VCD-a Hessen pod nazivom \u201eVerkehrswende in Hessen\u201d, koji je odr\u017ean <a href=\"http:\/\/www.verkehrswende-hessen.de\">www.verkehrswende-hessen.de<\/a> mo\u017ee biti potpisan.\u201d<\/p>\n\n\n\n<p>Za konkretnu provedbu Velika koalicija tako\u0111er mora temeljito preispitati predvi\u0111eni iznos od 300 000 eura: \u201eUnato\u010d subvencijama dr\u017eave i savezne vlade, Main-Kinzig-Kreis ne\u0107e mo\u0107i izbje\u0107i tro\u0161enje novca na mjere u podru\u010dju biciklisti\u010dkih staza. S koli\u010dinom postavljenom u ku\u0107anstvu, veliki skokovi nisu mogu\u0107i. Sada o\u010dekujemo da \u0107e objave biti popra\u0107ene akcijom\", zaklju\u010dio je Wietzorek.<\/p>\n\n\n\n<p><\/p>\n\n\n\n<hr class=\"wp-block-separator\"\/>\n\n\n\n<p>Upiti za:<\/p>\n\n\n\n<p>Jakob M\u00e4hler<br>Ravnatelj\/direktorica skupine<br>Savez 90 \/ Zeleni Main-Kinzig<br>06181\/61596<br>0176\/46763336<br>fraktion@gruene-mkk.de<\/p>","protected":false},"excerpt":{"rendered":"<p>Klub zastupnika Zelenog parlamenta: Sudjelujte u internetskoj anketi o mjerama \/ rije\u010di moraju slijediti mjere<\/p>","protected":false},"author":-1,"featured_media":0,"comment_status":"open","ping_status":"open","sticky":false,"template":"","format":"standard","meta":{"footnotes":""},"categories":[2],"tags":[],"class_list":["post-909","post","type-post","status-publish","format-standard","hentry","category-newskreistagsfraktion"],"_links":{"self":[{"href":"https:\/\/www.gruene-mkk.de\/hr\/wp-json\/wp\/v2\/posts\/909","targetHints":{"allow":["GET"]}}],"collection":[{"href":"https:\/\/www.gruene-mkk.de\/hr\/wp-json\/wp\/v2\/posts"}],"about":[{"href":"https:\/\/www.gruene-mkk.de\/hr\/wp-json\/wp\/v2\/types\/post"}],"author":[{"embeddable":true,"href":"https:\/\/www.gruene-mkk.de\/hr\/wp-json\/wp\/v2\/users\/5"}],"replies":[{"embeddable":true,"href":"https:\/\/www.gruene-mkk.de\/hr\/wp-json\/wp\/v2\/comments?post=909"}],"version-history":[{"count":1,"href":"https:\/\/www.gruene-mkk.de\/hr\/wp-json\/wp\/v2\/posts\/909\/revisions"}],"predecessor-version":[{"id":910,"href":"https:\/\/www.gruene-mkk.de\/hr\/wp-json\/wp\/v2\/posts\/909\/revisions\/910"}],"wp:attachment":[{"href":"https:\/\/www.gruene-mkk.de\/hr\/wp-json\/wp\/v2\/media?parent=909"}],"wp:term":[{"taxonomy":"category","embeddable":true,"href":"https:\/\/www.gruene-mkk.de\/hr\/wp-json\/wp\/v2\/categories?post=909"},{"taxonomy":"post_tag","embeddable":true,"href":"https:\/\/www.gruene-mkk.de\/hr\/wp-json\/wp\/v2\/tags?post=909"}],"curies":[{"name":"wp","href":"https:\/\/api.w.org\/{rel}","templated":true}]}}